{"id":1466,"date":"2017-12-15T17:07:25","date_gmt":"2017-12-15T17:07:25","guid":{"rendered":"https:\/\/comutopiartv.wordpress.com\/?p=1466"},"modified":"2017-12-15T17:07:25","modified_gmt":"2017-12-15T17:07:25","slug":"what-the-fac-programa-2-t2-15-12-2017","status":"publish","type":"post","link":"http:\/\/comutopia.uma.es\/index.php\/2017\/12\/15\/what-the-fac-programa-2-t2-15-12-2017\/","title":{"rendered":"What The Fac!! Programa 2 T2 (15\/12\/2017)"},"content":{"rendered":"<p><!--[if lt IE 9]><script>document.createElement('audio');<\/script><![endif]-->\n<audio class=\"wp-audio-shortcode\" id=\"audio-1466-1\" preload=\"none\" style=\"width: 100%;\" controls=\"controls\"><source type=\"audio\/mpeg\" src=\"https:\/\/www.ivoox.com\/what-the-fac-programa-2-t2-15-12-2017_md_22675368_wp_1.mp3?_=1\" \/><a href=\"https:\/\/www.ivoox.com\/what-the-fac-programa-2-t2-15-12-2017_md_22675368_wp_1.mp3\">https:\/\/www.ivoox.com\/what-the-fac-programa-2-t2-15-12-2017_md_22675368_wp_1.mp3<\/a><\/audio> <a title=\"What The Fac!! Programa 2 T2 (15\/12\/2017)\" href=\"https:\/\/www.ivoox.com\/what-the-fac-programa-2-t2-15-12-2017-audios-mp3_rf_22675368_1.html\">Ir a descargar<\/a><\/p>\n<p style=\"text-align:justify;\"><span style=\"font-weight:400;\">\u00a1Vamos a por el segundo programa de <\/span><b>What the Fac<\/b><span style=\"font-weight:400;\">!, el programa de entretenimiento m\u00e1s esperado de la UMA que est\u00e1 de vuelta por Navidad. <\/span><\/p>\n<p style=\"text-align:justify;\"><span style=\"font-weight:400;\">En primer lugar, Samuel Palacios entrevistar\u00e1 a <\/span><b>Juan Carlos del Castillo<\/b><span style=\"font-weight:400;\">, nuestro T\u00e9cnico de Radio de la Facultad de Ciencias de la Comunicaci\u00f3n de la Universidad de M\u00e1laga (2\u201906\u2019\u2019-30\u201955\u2019\u2019) \u00a1Qu\u00e9 suerte tenemos de tener esta plantilla de t\u00e9cnicos tan apa\u00f1aos!<\/span><\/p>\n<p><img loading=\"lazy\" class=\"alignnone size-full wp-image-1467\" src=\"https:\/\/comutopiartv.files.wordpress.com\/2017\/12\/20170303_113222.jpg\" alt=\"20170303_113222.jpg\" width=\"5312\" height=\"2988\" \/><\/p>\n<p style=\"text-align:justify;\"><span style=\"font-weight:400;\">Y la secci\u00f3n <\/span><b>Creativity <\/b><span style=\"font-weight:400;\">no puedes perderte el reportaje que nos han preparado Chiara Ranco y Aroa Haro. Esta vez han tenido la ocasi\u00f3n de entrevistar a <\/span><b>Enzo Porcelli<\/b><span style=\"font-weight:400;\">, productor de cine internacional, <\/span><b>ganador de un \u00d3scar<\/b><span style=\"font-weight:400;\">, dos Palmas de Oro, un premio del Jurado en Cannes, un Le\u00f3n de Plata en Venecia y un Oso de oro y otro de plata en el Festival de Berl\u00edn (31\u201905\u2019\u2019\u201336\u201915\u2019\u2019). Un reportaje con traducci\u00f3n incorporada que te transportar\u00e1 al mundo del cine italiano. <\/span><\/p>\n<p style=\"text-align:justify;\"><span style=\"font-weight:400;\">En el <\/span><b>Gameover <\/b><span style=\"font-weight:400;\">de hoy, Rafael Pach\u00f3n y Jos\u00e9 Manuel Pola nos traen un reportaje que observa la evoluci\u00f3n de los antiguos cibercaf\u00e9s hacia los actuales bares gaming (36\u201942\u2019\u2019\u2013 43\u201939\u2019\u2019). Y para finalizar el a\u00f1o, nuestra secci\u00f3n <\/span><b>UMAPlaylist,<\/b><span style=\"font-weight:400;\"> donde Pola nos habla de <\/span><b>M\u00e1laga Music Project<\/b><span style=\"font-weight:400;\"> y nos trae al grupo<\/span><b> Break The Senses<\/b><span style=\"font-weight:400;\"> como cierre musical en directo (43\u2019 47\u2019\u2019 \u2013 52\u2019 08\u2019\u2019) \u00a1Qu\u00e9 bien suenan!<\/span><\/p>\n<p><img loading=\"lazy\" class=\"alignnone  wp-image-1469\" src=\"https:\/\/comutopiartv.files.wordpress.com\/2017\/12\/break-the-senses.jpg\" alt=\"break the senses.jpg\" width=\"670\" height=\"378\" \/><img loading=\"lazy\" class=\"  wp-image-1470 aligncenter\" src=\"https:\/\/comutopiartv.files.wordpress.com\/2017\/12\/malaga-music-project-musicamalaga1.jpg\" alt=\"malaga-music-project-musicamalaga.jpg\" width=\"254\" height=\"157\" \/><\/p>\n<p style=\"text-align:justify;\"><span style=\"font-weight:400;\">Solo nos queda desearte de parte de todo el equipo de Comutop\u00eda RTV una \u00a1Feliz Navidad!<\/span><\/p>\n<p><span style=\"font-weight:400;\">La semana que viene&#8230;\u00a1m\u00e1s!<\/span><\/p>\n","protected":false},"excerpt":{"rendered":"<p>Ir a descargar \u00a1Vamos a por el segundo programa de What the Fac!, el programa de entretenimiento m\u00e1s esperado de la UMA que est\u00e1 de vuelta por Navidad. En primer lugar, Samuel Palacios entrevistar\u00e1 a Juan Carlos del Castillo, nuestro T\u00e9cnico de Radio de la Facultad de Ciencias de la Comunicaci\u00f3n de la Universidad de&#8230; <\/p>\n<div class=\"link-more\"><a href=\"http:\/\/comutopia.uma.es\/index.php\/2017\/12\/15\/what-the-fac-programa-2-t2-15-12-2017\/\">Leer M\u00e1s<\/a><\/div>\n","protected":false},"author":1,"featured_media":1471,"comment_status":"open","ping_status":"open","sticky":false,"template":"","format":"aside","meta":{"spay_email":""},"categories":[1,49],"tags":[],"jetpack_featured_media_url":"http:\/\/comutopia.uma.es\/wp-content\/uploads\/2017\/12\/20171214_115059-1.jpg","_links":{"self":[{"href":"http:\/\/comutopia.uma.es\/index.php\/wp-json\/wp\/v2\/posts\/1466"}],"collection":[{"href":"http:\/\/comutopia.uma.es\/index.php\/wp-json\/wp\/v2\/posts"}],"about":[{"href":"http:\/\/comutopia.uma.es\/index.php\/wp-json\/wp\/v2\/types\/post"}],"author":[{"embeddable":true,"href":"http:\/\/comutopia.uma.es\/index.php\/wp-json\/wp\/v2\/users\/1"}],"replies":[{"embeddable":true,"href":"http:\/\/comutopia.uma.es\/index.php\/wp-json\/wp\/v2\/comments?post=1466"}],"version-history":[{"count":0,"href":"http:\/\/comutopia.uma.es\/index.php\/wp-json\/wp\/v2\/posts\/1466\/revisions"}],"wp:featuredmedia":[{"embeddable":true,"href":"http:\/\/comutopia.uma.es\/index.php\/wp-json\/wp\/v2\/media\/1471"}],"wp:attachment":[{"href":"http:\/\/comutopia.uma.es\/index.php\/wp-json\/wp\/v2\/media?parent=1466"}],"wp:term":[{"taxonomy":"category","embeddable":true,"href":"http:\/\/comutopia.uma.es\/index.php\/wp-json\/wp\/v2\/categories?post=1466"},{"taxonomy":"post_tag","embeddable":true,"href":"http:\/\/comutopia.uma.es\/index.php\/wp-json\/wp\/v2\/tags?post=1466"}],"curies":[{"name":"wp","href":"https:\/\/api.w.org\/{rel}","templated":true}]}}