{"id":1629,"date":"2018-03-16T17:10:07","date_gmt":"2018-03-16T17:10:07","guid":{"rendered":"https:\/\/comutopiartv.wordpress.com\/?p=1629"},"modified":"2018-03-16T17:10:07","modified_gmt":"2018-03-16T17:10:07","slug":"infocomutopia-programa-4-16-03-2018","status":"publish","type":"post","link":"http:\/\/comutopia.uma.es\/index.php\/2018\/03\/16\/infocomutopia-programa-4-16-03-2018\/","title":{"rendered":"InfoComutop\u00eda Programa 4 (16\/03\/2018)"},"content":{"rendered":"<p>\u00a1Una semana m\u00e1s llega InfoComutop\u00eda, el informativo universitario de la UMA!<\/p>\n<p>Estas son las las noticias que encontrar\u00e1s en el programa que os traemos esta semana.l<\/p>\n<p>(01:29) La Fundaci\u00f3n General de la UMA abre la convocatoria para los cursos de formaci\u00f3n de primavera presenciales y semipresenciales.<\/p>\n<p>(03:30) El Defensor Universitario, servicio pionero en la UMA desde 1999.<\/p>\n<p>(05:25) Ampliada la oferta de Empleo P\u00fablico del Personal de Administraci\u00f3n y Servicios de la UMA<\/p>\n<p>(06:19) Abierto el plazo de inscripci\u00f3n para la escuela infantil de la Universidad de M\u00e1laga \u201cFrancisca Luque\u201d<\/p>\n<p>(08:30) Invitada especial con motivo del ciclo dedicado a la mujer \u201cL\u00e9eme los labios\u201d en el Contenedor Cultural.La Pi\u00f1ona presenta \u201cRecital\u201d.<\/p>\n<p>(10:19) La Universidad de M\u00e1laga sede y organizadora de los Campeonatos Andaluces Universitarios.<\/p>\n<p>(12:15) Nueva temporada de What The Fac!!, el programa m\u00e1s din\u00e1mico y desenfadado de la parrilla radiof\u00f3nica de Comutop\u00eda Radio. .<\/p>\n<p>Volvemos el 6 de abril con m\u00e1s informaci\u00f3n sobre la Universidad de M\u00e1laga. \u00a1Felices vacaciones desde el equipo de InfoComutop\u00eda!<\/p>\n<p>[youtube https:\/\/www.youtube.com\/watch?v=zhV2KitXzCU&amp;w=560&amp;h=315]<\/p>\n","protected":false},"excerpt":{"rendered":"<p>\u00a1Una semana m\u00e1s llega InfoComutop\u00eda, el informativo universitario de la UMA! Estas son las las noticias que encontrar\u00e1s en el programa que os traemos esta semana.l (01:29) La Fundaci\u00f3n General de la UMA abre la convocatoria para los cursos de formaci\u00f3n de primavera presenciales y semipresenciales. (03:30) El Defensor Universitario, servicio pionero en la UMA&#8230; <\/p>\n<div class=\"link-more\"><a href=\"http:\/\/comutopia.uma.es\/index.php\/2018\/03\/16\/infocomutopia-programa-4-16-03-2018\/\">Leer M\u00e1s<\/a><\/div>\n","protected":false},"author":1,"featured_media":1639,"comment_status":"open","ping_status":"open","sticky":false,"template":"","format":"aside","meta":{"spay_email":""},"categories":[31],"tags":[],"jetpack_featured_media_url":"http:\/\/comutopia.uma.es\/wp-content\/uploads\/2018\/03\/7fbb0711-a5e5-4d2f-932a-f7fcc4835408-1.jpg","_links":{"self":[{"href":"http:\/\/comutopia.uma.es\/index.php\/wp-json\/wp\/v2\/posts\/1629"}],"collection":[{"href":"http:\/\/comutopia.uma.es\/index.php\/wp-json\/wp\/v2\/posts"}],"about":[{"href":"http:\/\/comutopia.uma.es\/index.php\/wp-json\/wp\/v2\/types\/post"}],"author":[{"embeddable":true,"href":"http:\/\/comutopia.uma.es\/index.php\/wp-json\/wp\/v2\/users\/1"}],"replies":[{"embeddable":true,"href":"http:\/\/comutopia.uma.es\/index.php\/wp-json\/wp\/v2\/comments?post=1629"}],"version-history":[{"count":0,"href":"http:\/\/comutopia.uma.es\/index.php\/wp-json\/wp\/v2\/posts\/1629\/revisions"}],"wp:featuredmedia":[{"embeddable":true,"href":"http:\/\/comutopia.uma.es\/index.php\/wp-json\/wp\/v2\/media\/1639"}],"wp:attachment":[{"href":"http:\/\/comutopia.uma.es\/index.php\/wp-json\/wp\/v2\/media?parent=1629"}],"wp:term":[{"taxonomy":"category","embeddable":true,"href":"http:\/\/comutopia.uma.es\/index.php\/wp-json\/wp\/v2\/categories?post=1629"},{"taxonomy":"post_tag","embeddable":true,"href":"http:\/\/comutopia.uma.es\/index.php\/wp-json\/wp\/v2\/tags?post=1629"}],"curies":[{"name":"wp","href":"https:\/\/api.w.org\/{rel}","templated":true}]}}