{"id":1641,"date":"2018-03-16T17:53:43","date_gmt":"2018-03-16T17:53:43","guid":{"rendered":"https:\/\/comutopiartv.wordpress.com\/?p=1641"},"modified":"2018-03-16T17:53:43","modified_gmt":"2018-03-16T17:53:43","slug":"what-the-fac-t3-programa-1-16-03-2018","status":"publish","type":"post","link":"http:\/\/comutopia.uma.es\/index.php\/2018\/03\/16\/what-the-fac-t3-programa-1-16-03-2018\/","title":{"rendered":"What The Fac!! T3 Programa 1 (16\/03\/2018)"},"content":{"rendered":"<p><!--[if lt IE 9]><script>document.createElement('audio');<\/script><![endif]-->\n<audio class=\"wp-audio-shortcode\" id=\"audio-1641-1\" preload=\"none\" style=\"width: 100%;\" controls=\"controls\"><source type=\"audio\/mpeg\" src=\"https:\/\/www.ivoox.com\/wtf-t3-programa-1-16-03-2018_md_24570884_wp_1.mp3?_=1\" \/><a href=\"https:\/\/www.ivoox.com\/wtf-t3-programa-1-16-03-2018_md_24570884_wp_1.mp3\">https:\/\/www.ivoox.com\/wtf-t3-programa-1-16-03-2018_md_24570884_wp_1.mp3<\/a><\/audio> <a title=\"WTF!! T3 Programa 1 (16\/03\/2018)\" href=\"https:\/\/www.ivoox.com\/wtf-t3-programa-1-16-03-2018-audios-mp3_rf_24570884_1.html\">Ir a descargar<\/a><\/p>\n<p><span style=\"font-weight:400;\">\u00a1Buen\u00edsimas noticias! What The Fac vuelve con m\u00e1s novedades, m\u00e1s risas y m\u00e1s personas\u2026 De hecho, vuelve tan fuerte que se nos han colado dos presentadores en lugar de uno <\/span><span style=\"font-weight:400;\">(0\u201921\u2019\u2019-1\u201956\u2019\u2019)<\/span><span style=\"font-weight:400;\"> . Y para que veas que no nos tiramos el moco, vamos a contarte lo \u00faltimo de lo \u00faltimo:<\/span><\/p>\n<p><span style=\"font-weight:400;\">Hemos contado con la aparici\u00f3n estelar de <\/span><b>Bea Rubio<\/b><span style=\"font-weight:400;\">, la activista feminista m\u00e1s viral de \u00e9sta, nuestra Facultad, que nos ha comentado sus \u00faltimas proezas en las redes sociales, adem\u00e1s de contarnos y aconsejarnos tanto en el terreno universitario como en el pol\u00edtico y feminista <\/span><span style=\"font-weight:400;\">(2\u201912\u2019\u2019-22\u201950\u2019\u2019)<\/span><span style=\"font-weight:400;\">.<\/span><\/p>\n<p><span style=\"font-weight:400;\">Seguidamente, Elena Olmo estrena la secci\u00f3n m\u00e1s solidaria del programa: <\/span><b>UMAn\u00edzate<\/b><span style=\"font-weight:400;\">, en la que profundiza sobre la labor de los cooperantes en la Agencia Andaluza de Cooperaci\u00f3n Internacional y en la UMA y su trato y apoyo con los pa\u00edses y organizaciones m\u00e1s necesitadas <\/span><span style=\"font-weight:400;\">(23\u201914\u2019\u2019-26\u201923\u2019\u2019)<\/span><span style=\"font-weight:400;\">.<\/span><\/p>\n<p><span style=\"font-weight:400;\">Podr\u00e9is escuchar tambi\u00e9n el <\/span><b>Game Over<\/b><span style=\"font-weight:400;\"> de esta semana, en el que Alejandra Perea nos trae informaci\u00f3n sobre los nuevos centros inscritos en Playstation Espa\u00f1a, entre los que se encuentra el Centro Andaluz de Emprendimiento de la Universidad de M\u00e1laga <\/span><span style=\"font-weight:400;\">(26\u201926\u2019\u2019-29\u201945\u2019\u2019)<\/span><span style=\"font-weight:400;\">.<\/span><\/p>\n<p><span style=\"font-weight:400;\">Y antes de acabar, llega lo \u00faltimo de lo \u00faltimo, nuestra nueva secci\u00f3n: <\/span><b>UMAZapping<\/b><span style=\"font-weight:400;\">, en la que nuestros presentadores han contado con la enorme ayuda de una <\/span><b>chica misteriosa <\/b><span style=\"font-weight:400;\">para dar vida a las noticias m\u00e1s locas de la Facultad de Comunicaci\u00f3n (los envidiosos dir\u00e1n que es Photoshop) <\/span><span style=\"font-weight:400;\">(30\u201944\u2019\u2019-36\u201910\u2019\u2019)<\/span><span style=\"font-weight:400;\">.<\/span><\/p>\n<p><span style=\"font-weight:400;\">Y para concluir, qu\u00e9 mejor broche que nuestra secci\u00f3n <\/span><b>UMAPlaylist<\/b><span style=\"font-weight:400;\"> de la mano de Miguel \u00c1ngel Arcos, que nos ha tra\u00eddo a nuestro vecino facultativo Man\u00e9 L\u00f3pez para profundizar sobre su pasi\u00f3n: la cr\u00edtica musical (adem\u00e1s de comentar el panorama musical en la Universidad) <\/span><span style=\"font-weight:400;\">(36\u201913\u2019\u2019-48\u201941\u2019\u2019)<\/span><span style=\"font-weight:400;\">.<\/span><\/p>\n<p><span style=\"font-weight:400;\">\u00bfQu\u00e9 haces leyendo esto cuando podr\u00edas estar escuch\u00e1ndonos? Dale al play, divi\u00e9rtete y comp\u00e1rtelo con tus amigos, porque seguro que os sacar\u00e1 m\u00e1s de un tema de conversaci\u00f3n. \u00a1Esperamos que te encante!<\/span><\/p>\n","protected":false},"excerpt":{"rendered":"<p>Ir a descargar \u00a1Buen\u00edsimas noticias! What The Fac vuelve con m\u00e1s novedades, m\u00e1s risas y m\u00e1s personas\u2026 De hecho, vuelve tan fuerte que se nos han colado dos presentadores en lugar de uno (0\u201921\u2019\u2019-1\u201956\u2019\u2019) . Y para que veas que no nos tiramos el moco, vamos a contarte lo \u00faltimo de lo \u00faltimo: Hemos contado&#8230; <\/p>\n<div class=\"link-more\"><a href=\"http:\/\/comutopia.uma.es\/index.php\/2018\/03\/16\/what-the-fac-t3-programa-1-16-03-2018\/\">Leer M\u00e1s<\/a><\/div>\n","protected":false},"author":1,"featured_media":1642,"comment_status":"open","ping_status":"open","sticky":false,"template":"","format":"aside","meta":{"spay_email":""},"categories":[50],"tags":[],"jetpack_featured_media_url":"http:\/\/comutopia.uma.es\/wp-content\/uploads\/2018\/03\/foto-portada-1.jpg","_links":{"self":[{"href":"http:\/\/comutopia.uma.es\/index.php\/wp-json\/wp\/v2\/posts\/1641"}],"collection":[{"href":"http:\/\/comutopia.uma.es\/index.php\/wp-json\/wp\/v2\/posts"}],"about":[{"href":"http:\/\/comutopia.uma.es\/index.php\/wp-json\/wp\/v2\/types\/post"}],"author":[{"embeddable":true,"href":"http:\/\/comutopia.uma.es\/index.php\/wp-json\/wp\/v2\/users\/1"}],"replies":[{"embeddable":true,"href":"http:\/\/comutopia.uma.es\/index.php\/wp-json\/wp\/v2\/comments?post=1641"}],"version-history":[{"count":0,"href":"http:\/\/comutopia.uma.es\/index.php\/wp-json\/wp\/v2\/posts\/1641\/revisions"}],"wp:featuredmedia":[{"embeddable":true,"href":"http:\/\/comutopia.uma.es\/index.php\/wp-json\/wp\/v2\/media\/1642"}],"wp:attachment":[{"href":"http:\/\/comutopia.uma.es\/index.php\/wp-json\/wp\/v2\/media?parent=1641"}],"wp:term":[{"taxonomy":"category","embeddable":true,"href":"http:\/\/comutopia.uma.es\/index.php\/wp-json\/wp\/v2\/categories?post=1641"},{"taxonomy":"post_tag","embeddable":true,"href":"http:\/\/comutopia.uma.es\/index.php\/wp-json\/wp\/v2\/tags?post=1641"}],"curies":[{"name":"wp","href":"https:\/\/api.w.org\/{rel}","templated":true}]}}