{"id":1818,"date":"2018-05-11T17:34:48","date_gmt":"2018-05-11T17:34:48","guid":{"rendered":"https:\/\/comutopiartv.wordpress.com\/?p=1818"},"modified":"2018-05-11T17:34:48","modified_gmt":"2018-05-11T17:34:48","slug":"infocomutopia-programa-10-temporada-3-11-05-2018","status":"publish","type":"post","link":"http:\/\/comutopia.uma.es\/index.php\/2018\/05\/11\/infocomutopia-programa-10-temporada-3-11-05-2018\/","title":{"rendered":"Infocomutop\u00eda &#8211; Programa 10 &#8211; Temporada 3 (11\/05\/2018)"},"content":{"rendered":"<p style=\"text-align:justify;\"><span style=\"font-weight:400;\">\u00a1\u00daltimo InfoComutop\u00eda! Todo lo bueno acaba&#8230;y hoy nos toca despedirnos. Ponemos fin a esta tercera temporada que esperamos, haya servido para teneros al d\u00eda de las novedades de la Universidad de M\u00e1laga.<\/span><\/p>\n<p style=\"text-align:justify;\"><span style=\"font-weight:400;\">Para este fin de temporada tenemos un resumen de nuestro apote\u00f3sico primer <\/span><b>UMA Talent Show<\/b><span style=\"font-weight:400;\">. Sin lugar a dudas, un \u00e9xito total en la historia de la universidad. \u00bfQuieres saber qui\u00e9n ha ganado?<\/span><\/p>\n<p style=\"text-align:justify;\"><span style=\"font-weight:400;\"> Adem\u00e1s hablamos con los artistas que estuvieron en el Primavera Pop, el festival de m\u00fasica de Los 40 Principales, y como no, te hablamos de nuestro propio festival, ya que la UMA tiene preparada una gran fiesta de bienvenida al nuevo curso acad\u00e9mico para octubre. \u00bfQuieres saber m\u00e1s?<\/span><\/p>\n<p style=\"text-align:justify;\"><span style=\"font-weight:400;\">Aqu\u00ed te dejamos los titulares de la semana para que vayas directamente a lo que te interesa:<\/span><\/p>\n<p style=\"text-align:justify;\"><b>(01:10) Final de UMA Talent Show, el concurso de talentos organizado por Comutop\u00eda RTV, el Contenedor Cultural y Link by UMA.<\/b><\/p>\n<p style=\"text-align:justify;\"><b>(02:57) Finaliza la IV Feria de Empleo de la Universidad de M\u00e1laga, celebrada desde el d\u00eda 9 de mayo en la Escuela de Ingenier\u00edas Industriales.<\/b><\/p>\n<p style=\"text-align:justify;\"><b>(04:25) \u201cUn festival para todos\u201d. Llega el Festival Primavera Pop 2018 de los 40 Principales.<\/b><\/p>\n<p style=\"text-align:justify;\"><b>(06:28) Celebraci\u00f3n del WAU Festival como bienvenida para los nuevos alumnos y alumnas a la Universidad de M\u00e1laga.<\/b><\/p>\n<p style=\"text-align:justify;\"><b>(07:58) El Sindicato de Estudiantes convoca el 10 de Mayo una huelga en las aulas de institutos y universidades en contra de la sentencia de \u201cLa Manada\u201d.<\/b><\/p>\n<p style=\"text-align:justify;\"><b>(09:53) La Universidad de M\u00e1laga, primer puesto del ranking de universidades en el reto de movilidad sostenible \u201c30 d\u00edas en bicicleta\u201d.<\/b><\/p>\n<p style=\"text-align:justify;\"><b>(10:49) La Universidad de M\u00e1laga acoge al equipo de baloncesto masculino y femenino de la Universidad de Lyon.<\/b><\/p>\n<p style=\"text-align:justify;\"><span style=\"font-weight:400;\">S\u00edguenos en nuestras redes sociales para estar al tanto de todo. Puedes encontrarnos en twitter o instagram como @comutopiartv, o en nuestra p\u00e1gina de facebook Comutop\u00eda RTV.<\/span><\/p>\n<p style=\"text-align:justify;\"><span style=\"font-weight:400;\">Nosotros nos despedimos aqu\u00ed pero os esperamos el curso que viene con la que ser\u00e1 la temporada cuatro, esperamos haber conseguido llegar hasta el \u00faltimo rinc\u00f3n de la Universidad de M\u00e1laga con nuestras noticias.<\/span><\/p>\n<p style=\"text-align:justify;\"><span style=\"font-weight:400;\">Os esperamos en Octubre, hasta entonces, feliz comienzo de ex\u00e1menes y feliz verano a todos de parte del equipo de Comutop\u00eda RTV.<\/span><\/p>\n<p>[youtube https:\/\/www.youtube.com\/watch?v=IFUsU6bsLMg&amp;w=560&amp;h=315]<\/p>\n","protected":false},"excerpt":{"rendered":"<p>\u00a1\u00daltimo InfoComutop\u00eda! Todo lo bueno acaba&#8230;y hoy nos toca despedirnos. Ponemos fin a esta tercera temporada que esperamos, haya servido para teneros al d\u00eda de las novedades de la Universidad de M\u00e1laga. Para este fin de temporada tenemos un resumen de nuestro apote\u00f3sico primer UMA Talent Show. Sin lugar a dudas, un \u00e9xito total en&#8230; <\/p>\n<div class=\"link-more\"><a href=\"http:\/\/comutopia.uma.es\/index.php\/2018\/05\/11\/infocomutopia-programa-10-temporada-3-11-05-2018\/\">Leer M\u00e1s<\/a><\/div>\n","protected":false},"author":1,"featured_media":1817,"comment_status":"open","ping_status":"open","sticky":false,"template":"","format":"aside","meta":{"spay_email":""},"categories":[31],"tags":[58,67,75,76,83,86,95,96,98],"jetpack_featured_media_url":"http:\/\/comutopia.uma.es\/wp-content\/uploads\/2018\/05\/20180511_115938-1.jpg","_links":{"self":[{"href":"http:\/\/comutopia.uma.es\/index.php\/wp-json\/wp\/v2\/posts\/1818"}],"collection":[{"href":"http:\/\/comutopia.uma.es\/index.php\/wp-json\/wp\/v2\/posts"}],"about":[{"href":"http:\/\/comutopia.uma.es\/index.php\/wp-json\/wp\/v2\/types\/post"}],"author":[{"embeddable":true,"href":"http:\/\/comutopia.uma.es\/index.php\/wp-json\/wp\/v2\/users\/1"}],"replies":[{"embeddable":true,"href":"http:\/\/comutopia.uma.es\/index.php\/wp-json\/wp\/v2\/comments?post=1818"}],"version-history":[{"count":0,"href":"http:\/\/comutopia.uma.es\/index.php\/wp-json\/wp\/v2\/posts\/1818\/revisions"}],"wp:featuredmedia":[{"embeddable":true,"href":"http:\/\/comutopia.uma.es\/index.php\/wp-json\/wp\/v2\/media\/1817"}],"wp:attachment":[{"href":"http:\/\/comutopia.uma.es\/index.php\/wp-json\/wp\/v2\/media?parent=1818"}],"wp:term":[{"taxonomy":"category","embeddable":true,"href":"http:\/\/comutopia.uma.es\/index.php\/wp-json\/wp\/v2\/categories?post=1818"},{"taxonomy":"post_tag","embeddable":true,"href":"http:\/\/comutopia.uma.es\/index.php\/wp-json\/wp\/v2\/tags?post=1818"}],"curies":[{"name":"wp","href":"https:\/\/api.w.org\/{rel}","templated":true}]}}