{"id":1944,"date":"2018-10-31T10:53:13","date_gmt":"2018-10-31T10:53:13","guid":{"rendered":"https:\/\/comutopiartv.wordpress.com\/?p=1910"},"modified":"2018-10-31T10:53:13","modified_gmt":"2018-10-31T10:53:13","slug":"castings-uma-talent-show-ii","status":"publish","type":"post","link":"http:\/\/comutopia.uma.es\/index.php\/2018\/10\/31\/castings-uma-talent-show-ii\/","title":{"rendered":"Fechas castings UMA Talent Show II. FINALIZADO"},"content":{"rendered":"<p style=\"text-align:justify;\">\u00a1\u00a1S\u00ed!! Debido al tremendo \u00e9xito del primer UMA Talent Show, este semestre celebraremos \u00a1\u00a1\u00a1la segunda edici\u00f3n!!!<\/p>\n<p style=\"text-align:justify;\"><span style=\"font-weight:400;\">Si eres estudiante, Personal de Administraci\u00f3n y Servicios \u00a0(PAS) o Personal Docente Investigador (PDI) de la Universidad de M\u00e1laga \u00a1\u00a1\u00a1A qu\u00e9 esperas para participar!!!Las propuestas pueden ser presentadas de forma individual o en grupo. <\/span><\/p>\n<p style=\"text-align:justify;\"><span style=\"font-weight:400;\">Para seleccionar a los finalistas te proponemos dos audiciones, elige la que mejor te venga: <\/span><\/p>\n<p style=\"text-align:justify;\"><span style=\"font-weight:400;\">En primer lugar estaremos el lunes\u00a0<strong>19 de noviembre de 10:30 a 14:00 en la Facultad de Ciencias de la Comunicaci\u00f3n,<\/strong> en el Aula Magna. <\/span><\/p>\n<p style=\"text-align:justify;\"><span style=\"font-weight:400;\">Y el lunes\u00a0<strong>3 de diciembre te esperamos de 10:30 a 14:00 en LINK by UMA,<\/strong> Edificio The Green Ray en la tercera planta. <\/span><\/p>\n<p style=\"text-align:justify;\"><span style=\"font-weight:400;\">Entre las personas que se presenten a los dos castings seleccionaremos 10 actuaciones que pasar\u00e1n a la <strong>Gala Final que se realizar\u00e1 el 14 de Diciembre a las 19:00 en el Contenedor Cultural. <\/strong><\/span><\/p>\n<p style=\"text-align:justify;\"><strong>Puedes ganar: <\/strong><\/p>\n<p style=\"text-align:center;\"><strong>Primer premio de 600\u20ac<\/strong><\/p>\n<p style=\"text-align:center;\"><strong>Segundo premio 400\u20ac <\/strong><\/p>\n<p style=\"text-align:center;\"><strong>Tercer premio 100\u20ac<\/strong><\/p>\n<p style=\"text-align:center;\"><strong>Adem\u00e1s de un premio del p\u00fablico por valor de 100\u20ac<\/strong><\/p>\n<p style=\"text-align:justify;\"><span style=\"font-weight:400;\">Estad atentos y atentas a nuestras redes sociales, donde iremos publicando cada detalle del concurso.<\/span><\/p>\n<p style=\"text-align:justify;\"><span style=\"font-weight:400;\">Si tienes un talento oculto, no dudes en participar<\/span><\/p>\n<p style=\"text-align:center;\"><strong>\u00bf\u00bf\u00bfEres t\u00fa la estrella de la UMA???\u2728<\/strong><\/p>\n<p>Aqu\u00ed tienes las bases:<\/p>\n<p style=\"text-align:justify;\"><strong>ASES DEL CONCURSO UMA TALENT SHOW\u00a0<\/strong><\/p>\n<p>El Vicerrectorado de Cultura y Deporte, el Vicerrectorado de Innovaci\u00f3n Social y Emprendimiento y Comutop\u00eda RTV, la radio-televisi\u00f3n de la Facultad de Ciencias de la Comunicaci\u00f3n de la Universidad de M\u00e1laga presentan UMA Talent Show, un concurso dirigido a los miembros de la comunidad universitaria para poner en valor el talento art\u00edstico de sus miembros.<\/p>\n<p>Para el correcto desarrollo de este certamen, establecemos las siguientes bases:<\/p>\n<p><strong>Base 1.- Objeto:<\/strong><\/p>\n<p style=\"text-align:justify;\">El objeto del concurso es incentivar las inquietudes art\u00edsticas de la comunidad universitaria y dar la oportunidad de mostrar al p\u00fablico las habilidades y el talento de los participantes.<\/p>\n<p><strong>Base 2.- Participantes:\u00a0<\/strong><\/p>\n<p>2.1 Podr\u00e1n participar en el concurso Estudiantes, Personal de Administraci\u00f3n y Servicios, y Personal Docente e Investigador de la Universidad de M\u00e1laga.<br \/>\n2.2 La propuestas podr\u00e1n ser presentadas de manera individual o en grupo. En este \u00faltimo caso, se exigir\u00e1 que al menos uno de los miembros cumpla con el requisito de ser miembro de la comunidad universitaria.<br \/>\n2.3 En el caso que esto no se produjese el jurado podr\u00e1 interrumpir y dar por finalizada la misma.<\/p>\n<p style=\"text-align:justify;\"><strong>Base 3.- Inscripci\u00f3n:<\/strong><\/p>\n<p style=\"text-align:justify;\">Los participantes se inscribir\u00e1n el mismo d\u00eda de las audiciones previa acreditaci\u00f3n de su identidad con el correspondiente documento oficial de identificaci\u00f3n.<\/p>\n<p><strong>Base 4.- Actuaciones:<\/strong><\/p>\n<p>Se valorar\u00e1 la originalidad y novedad de las propuestas presentadas. Ninguna actuaci\u00f3n podr\u00e1 da\u00f1ar el honor, ni poner en peligro o riesgo a las personas o cosas.<\/p>\n<p><strong>Base 5.- Fases del concurso:<\/strong><\/p>\n<p><strong>1\u00aa Fase: Audiciones\u00a0<\/strong><\/p>\n<p><strong>Lunes 19\/11\/2018<\/strong>\u00a0de\u00a0<strong>10:00h a 14:00h<\/strong>: Aula Magna.\u00a0<strong>Facultad de Ciencias de la Comunicaci\u00f3n y Facultad de Turismo<\/strong>.<\/p>\n<p><strong>Lunes 3\/12\/2018<\/strong>\u00a0de\u00a0<strong>10:00h a 14:00h:<\/strong>\u00a0Tercera planta de\u00a0<strong>LINK by UMA, Edificio The Green Ray<\/strong>\u00a0(Ampliaci\u00f3n Campus Teatinos).<\/p>\n<p>En esta primera fase se pre seleccionar\u00e1n las diez mejores propuestas. El acta se publicar\u00e1 en las principales redes de los organizadores:<br \/>\nhttps:\/\/www.uma.es\/contenedorcultural\/<br \/>\nhttp:\/\/www.link.uma.es\/<br \/>\nhttps:\/\/comutopiartv.wordpress.com\/<\/p>\n<p><strong>2\u00aa Fase: Gala final\u00a0<\/strong><\/p>\n<p>La gala final se realizar\u00e1 el d\u00eda\u00a0<strong>14 de diciembre, a las 19:00h<\/strong>, en el Contenedor Cultural de la Universidad de M\u00e1laga, en la que se entregar\u00e1n los premios a los ganadores.<\/p>\n<p><strong>Base 6.- Jurado:\u00a0<\/strong><\/p>\n<p>En cada fase se constituir\u00e1 un jurado compuesto por tres miembros designados para cada convocatoria y pertenecientes a la Universidad de M\u00e1laga as\u00ed como por profesionales de reconocido prestigio.<br \/>\nEl jurado podr\u00e1 declarar desierto el concurso.<\/p>\n<p><strong>Base 7.- Cuant\u00eda de los premios:<\/strong><\/p>\n<p>La cuant\u00eda de los premios ser\u00e1 la siguiente:<\/p>\n<p><strong>Primer premio: 600\u20ac<\/strong><br \/>\n<strong>Segundo Premio: 400\u20ac<\/strong><br \/>\n<strong>Tercer Premio: 100\u20ac<\/strong><\/p>\n<p>Adem\u00e1s, se otorgar\u00e1 un cuarto\u00a0<strong>premio del P\u00fablico<\/strong>\u00a0que conceder\u00e1n las personas que acudan a disfrutar de la gala final del d\u00eda\u00a0<strong>viernes 14 de diciembre de 2018<\/strong>\u00a0en el Contenedor Cultural dotado con\u00a0<strong>100\u20ac<\/strong><\/p>\n<p>Los premios estar\u00e1n sujetos a la normativa impositiva vigente.<\/p>\n<p><strong>Base 8.-Ensayo general<\/strong><\/p>\n<p style=\"text-align:justify;\">Los finalistas se comprometen a hacer un ensayo general el mismo d\u00eda 14 de diciembre a partir de las 12.30h.<\/p>\n<p><strong>Base 9.- Cesi\u00f3n de derechos<\/strong><\/p>\n<p style=\"text-align:justify;\">Los concursantes firmar\u00e1n en el momento de la inscripci\u00f3n al concurso un documento de cesi\u00f3n de derechos de imagen para su emisi\u00f3n y difusi\u00f3n de sus actuaciones \u00a0en las diferentes plataformas digitales de los miembros organizativos.<\/p>\n<p><strong>Base 10.- Aceptaci\u00f3n de las bases<\/strong><\/p>\n<p style=\"text-align:justify;\">La participaci\u00f3n en esta convocatoria lleva impl\u00edcita la aceptaci\u00f3n total e incondicional por parte de los concursantes del contenido de estas bases y el fallo del jurado.<\/p>\n","protected":false},"excerpt":{"rendered":"<p>\u00a1\u00a1S\u00ed!! Debido al tremendo \u00e9xito del primer UMA Talent Show, este semestre celebraremos \u00a1\u00a1\u00a1la segunda edici\u00f3n!!! Si eres estudiante, Personal de Administraci\u00f3n y Servicios \u00a0(PAS) o Personal Docente Investigador (PDI) de la Universidad de M\u00e1laga \u00a1\u00a1\u00a1A qu\u00e9 esperas para participar!!!Las propuestas pueden ser presentadas de forma individual o en grupo. Para seleccionar a los finalistas&#8230; <\/p>\n<div class=\"link-more\"><a href=\"http:\/\/comutopia.uma.es\/index.php\/2018\/10\/31\/castings-uma-talent-show-ii\/\">Leer M\u00e1s<\/a><\/div>\n","protected":false},"author":1,"featured_media":2304,"comment_status":"open","ping_status":"open","sticky":false,"template":"","format":"aside","meta":{"spay_email":""},"categories":[40],"tags":[],"jetpack_featured_media_url":"http:\/\/comutopia.uma.es\/wp-content\/uploads\/2018\/10\/mg_0158-1.jpg","_links":{"self":[{"href":"http:\/\/comutopia.uma.es\/index.php\/wp-json\/wp\/v2\/posts\/1944"}],"collection":[{"href":"http:\/\/comutopia.uma.es\/index.php\/wp-json\/wp\/v2\/posts"}],"about":[{"href":"http:\/\/comutopia.uma.es\/index.php\/wp-json\/wp\/v2\/types\/post"}],"author":[{"embeddable":true,"href":"http:\/\/comutopia.uma.es\/index.php\/wp-json\/wp\/v2\/users\/1"}],"replies":[{"embeddable":true,"href":"http:\/\/comutopia.uma.es\/index.php\/wp-json\/wp\/v2\/comments?post=1944"}],"version-history":[{"count":0,"href":"http:\/\/comutopia.uma.es\/index.php\/wp-json\/wp\/v2\/posts\/1944\/revisions"}],"wp:featuredmedia":[{"embeddable":true,"href":"http:\/\/comutopia.uma.es\/index.php\/wp-json\/wp\/v2\/media\/2304"}],"wp:attachment":[{"href":"http:\/\/comutopia.uma.es\/index.php\/wp-json\/wp\/v2\/media?parent=1944"}],"wp:term":[{"taxonomy":"category","embeddable":true,"href":"http:\/\/comutopia.uma.es\/index.php\/wp-json\/wp\/v2\/categories?post=1944"},{"taxonomy":"post_tag","embeddable":true,"href":"http:\/\/comutopia.uma.es\/index.php\/wp-json\/wp\/v2\/tags?post=1944"}],"curies":[{"name":"wp","href":"https:\/\/api.w.org\/{rel}","templated":true}]}}