{"id":1951,"date":"2018-11-14T14:30:30","date_gmt":"2018-11-14T14:30:30","guid":{"rendered":"https:\/\/comutopiartv.wordpress.com\/?p=1951"},"modified":"2018-11-14T14:30:30","modified_gmt":"2018-11-14T14:30:30","slug":"radionaumas-t4-programa-2-14-11-2018","status":"publish","type":"post","link":"http:\/\/comutopia.uma.es\/index.php\/2018\/11\/14\/radionaumas-t4-programa-2-14-11-2018\/","title":{"rendered":"RadionaUMAs T4 Programa 2 (14\/11\/2018)"},"content":{"rendered":"<p style=\"text-align:justify;\"><!--[if lt IE 9]><script>document.createElement('audio');<\/script><![endif]-->\n<audio class=\"wp-audio-shortcode\" id=\"audio-1951-1\" preload=\"none\" style=\"width: 100%;\" controls=\"controls\"><source type=\"audio\/mpeg\" src=\"https:\/\/www.ivoox.com\/radionaumas-temporada-4-programa-2-14-11-2018_md_30072044_wp_1.mp3?_=1\" \/><a href=\"https:\/\/www.ivoox.com\/radionaumas-temporada-4-programa-2-14-11-2018_md_30072044_wp_1.mp3\">https:\/\/www.ivoox.com\/radionaumas-temporada-4-programa-2-14-11-2018_md_30072044_wp_1.mp3<\/a><\/audio> <a title=\"RadionaUMAs Temporada 4 Programa 2 (14\/11\/2018) \" href=\"https:\/\/www.ivoox.com\/radionaumas-temporada-4-programa-2-14-11-2018-audios-mp3_rf_30072044_1.html\">Ir a descargar<\/a><\/p>\n<p style=\"text-align:justify;\"><span style=\"font-weight:400;\">\u00a1Aqu\u00ed est\u00e1 el segundo programa de <\/span><b>RadionaUMAs<\/b><span style=\"font-weight:400;\"> de la temporada! Te invitamos a escucharlo para estar al tanto de todo lo que se cuece en la comunidad universitaria. <\/span><\/p>\n<p style=\"text-align:justify;\"><span style=\"font-weight:400;\">Arrancamos con el <\/span><b>microinformativo<\/b><span style=\"font-weight:400;\"> de la semana, en el que te contamos todo lo nuevo sobre el UMA Talent Show II (1\u201955\u2019\u2019-3\u201910\u2019\u2019). Tambi\u00e9n hablaremos de la obra de teatro corazonada, que llega para dotar a los m\u00e1s peque\u00f1os de herramientas para identificar el abuso sexual (3\u201920\u2019\u2019-5\u201915\u2019\u2019). Y por \u00faltimo, en deportes te contamos c\u00f3mo ha funcionado la Caminata por un reto: Objetivo Santiago. (5\u201921\u2019\u2019-6\u201926\u2019\u2019)<\/span><\/p>\n<p style=\"text-align:justify;\"><span style=\"font-weight:400;\">En la secci\u00f3n <\/span><b>Qu\u00e9 Se Cuece<\/b><span style=\"font-weight:400;\">, estar\u00e1n con nosotros los finalistas de la primera edici\u00f3n de UMA Talent Show, \u00a1nos informan sobre sus motivaciones, sus carreras art\u00edsticas y como lo vivieron ellos de dentro! (7\u201908\u2019\u2019-16\u201903\u2019\u2019)<\/span><\/p>\n<p style=\"text-align:justify;\"><span style=\"font-weight:400;\">Para seguir, la secci\u00f3n <\/span><b>What The Fac<\/b><span style=\"font-weight:400;\">!, no te puedes perder el mon\u00f3logo sobre los pisos de estudiantes y todas las maniobras que tenemos que hacer para poder llevar una convivencia tranquila, \u00a1seguro que te sientes identificado con m\u00e1s una cosa! (18\u201934\u2019\u2019-21\u201950\u2019\u2019)<\/span><\/p>\n<p style=\"text-align:justify;\"><span style=\"font-weight:400;\">En <\/span><b>No Te Pierdas<\/b><span style=\"font-weight:400;\">, ponemos a tu disposici\u00f3n la agenda universitaria para esta semana, hoy tenemos la Inauguraci\u00f3n del Festival de Cine Fant\u00e1stico, conciertos, actividades en el Complejo Deportivo y \u00a1mucho m\u00e1s! (22\u201911\u2019\u2019-23\u201932\u2019\u2019)<\/span><\/p>\n<p style=\"text-align:justify;\"><span style=\"font-weight:400;\">Y por \u00faltimo, en <\/span><b>La Gramola<\/b><span style=\"font-weight:400;\">, te contamos c\u00f3mo transcurri\u00f3 el Sampler Chef (24\u201905\u2019\u2019-27\u201933\u2019\u2019)<\/span><\/p>\n<p style=\"text-align:justify;\"><span style=\"font-weight:400;\">\u00a1\u00a1Que disfrut\u00e9is del programa Radionaumers!!<\/span><\/p>\n<p>&nbsp;<\/p>\n","protected":false},"excerpt":{"rendered":"<p>Ir a descargar \u00a1Aqu\u00ed est\u00e1 el segundo programa de RadionaUMAs de la temporada! Te invitamos a escucharlo para estar al tanto de todo lo que se cuece en la comunidad universitaria. Arrancamos con el microinformativo de la semana, en el que te contamos todo lo nuevo sobre el UMA Talent Show II (1\u201955\u2019\u2019-3\u201910\u2019\u2019). Tambi\u00e9n hablaremos&#8230; <\/p>\n<div class=\"link-more\"><a href=\"http:\/\/comutopia.uma.es\/index.php\/2018\/11\/14\/radionaumas-t4-programa-2-14-11-2018\/\">Leer M\u00e1s<\/a><\/div>\n","protected":false},"author":1,"featured_media":1953,"comment_status":"open","ping_status":"open","sticky":false,"template":"","format":"aside","meta":{"spay_email":""},"categories":[35],"tags":[58,71,83,86,97,98],"jetpack_featured_media_url":"http:\/\/comutopia.uma.es\/wp-content\/uploads\/2018\/11\/dsc_0012-1.jpg","_links":{"self":[{"href":"http:\/\/comutopia.uma.es\/index.php\/wp-json\/wp\/v2\/posts\/1951"}],"collection":[{"href":"http:\/\/comutopia.uma.es\/index.php\/wp-json\/wp\/v2\/posts"}],"about":[{"href":"http:\/\/comutopia.uma.es\/index.php\/wp-json\/wp\/v2\/types\/post"}],"author":[{"embeddable":true,"href":"http:\/\/comutopia.uma.es\/index.php\/wp-json\/wp\/v2\/users\/1"}],"replies":[{"embeddable":true,"href":"http:\/\/comutopia.uma.es\/index.php\/wp-json\/wp\/v2\/comments?post=1951"}],"version-history":[{"count":0,"href":"http:\/\/comutopia.uma.es\/index.php\/wp-json\/wp\/v2\/posts\/1951\/revisions"}],"wp:featuredmedia":[{"embeddable":true,"href":"http:\/\/comutopia.uma.es\/index.php\/wp-json\/wp\/v2\/media\/1953"}],"wp:attachment":[{"href":"http:\/\/comutopia.uma.es\/index.php\/wp-json\/wp\/v2\/media?parent=1951"}],"wp:term":[{"taxonomy":"category","embeddable":true,"href":"http:\/\/comutopia.uma.es\/index.php\/wp-json\/wp\/v2\/categories?post=1951"},{"taxonomy":"post_tag","embeddable":true,"href":"http:\/\/comutopia.uma.es\/index.php\/wp-json\/wp\/v2\/tags?post=1951"}],"curies":[{"name":"wp","href":"https:\/\/api.w.org\/{rel}","templated":true}]}}