{"id":2043,"date":"2018-12-05T12:42:24","date_gmt":"2018-12-05T12:42:24","guid":{"rendered":"https:\/\/comutopiartv.wordpress.com\/?p=2043"},"modified":"2018-12-05T12:42:24","modified_gmt":"2018-12-05T12:42:24","slug":"finalistas-uma-talent-show-ii","status":"publish","type":"post","link":"http:\/\/comutopia.uma.es\/index.php\/2018\/12\/05\/finalistas-uma-talent-show-ii\/","title":{"rendered":"FINALISTAS UMA TALENT SHOW II"},"content":{"rendered":"<p style=\"text-align:justify;\"><span style=\"font-weight:400;\">El pr\u00f3ximo viernes 14 de diciembre tendr\u00e1 lugar la final del concurso &#8216;UMA TALENT SHOW II&#8217;. Se trata de la segunda edici\u00f3n del talent organizado por los vicerrectorados de <\/span><b>Cultura y Deporte<\/b><span style=\"font-weight:400;\"> e <\/span><b>Innovaci\u00f3n Social y Emprendimiento de la UMA<\/b><span style=\"font-weight:400;\">, as\u00ed como por <\/span><b>Comutop\u00eda RTV<\/b><span style=\"font-weight:400;\">, la radio-televisi\u00f3n de la Facultad de Ciencias de la Comunicaci\u00f3n de la Universidad de M\u00e1laga. Su objetivo es encontrar el talento art\u00edstico entre la comunidad universitaria y hacerlo visible, a trav\u00e9s de dos audiciones.<\/span><\/p>\n<p style=\"text-align:justify;\"><span style=\"font-weight:400;\">El jurado, tras el visionado de las <\/span><b>59 actuaciones<\/b><span style=\"font-weight:400;\"> presentadas a concurso, ha deliberado que las <\/span><b>10 siguientes<\/b><span style=\"font-weight:400;\"> deben estar en la final: <\/span><\/p>\n<p><span style=\"font-weight:400;\">&#8211; Javier Ruiz Nieto<\/span><\/p>\n<p><span style=\"font-weight:400;\">-Membri-Manuel Membrilla Gonz\u00e1lez<\/span><\/p>\n<p><span style=\"font-weight:400;\">-Vicky y Santiago-Victoria Santiago Rodr\u00edguez y David Doya Murcia<\/span><\/p>\n<p><span style=\"font-weight:400;\">-Canijo-Jos\u00e9 Manuel Rodr\u00edguez Gin\u00e9s<\/span><\/p>\n<p><span style=\"font-weight:400;\">-Diana Gonz\u00e1lez Moreno<\/span><\/p>\n<p><span style=\"font-weight:400;\">-Sandra Culebras L\u00f3pez<\/span><\/p>\n<p><span style=\"font-weight:400;\">-Alejandro V\u00e1zquez Cohen<\/span><\/p>\n<p><span style=\"font-weight:400;\">-Irene N\u00fa\u00f1ez Delgado<\/span><\/p>\n<p><span style=\"font-weight:400;\">-Carmen Cuevas Vera<\/span><\/p>\n<p><span style=\"font-weight:400;\">-Lady Andrea-Andrea Arango Mulen<\/span><\/p>\n<p style=\"text-align:justify;\"><span style=\"font-weight:400;\">Agradecemos su participaci\u00f3n a todos y a todas las concursantes y os esperamos el viernes 14 de diciembre a las 19:00 en el Contenedor Cultural de la UMA para disfrutar de \u00a1La gran final!<\/span><\/p>\n<p style=\"text-align:justify;\"><span style=\"font-weight:400;\">\u00a1Entrada gratuita hasta completar aforo!<\/span><\/p>\n<p style=\"text-align:justify;\"><span style=\"font-weight:400;\">Sala 3 del Contenedor Cultural.<\/span><\/p>\n<p style=\"text-align:justify;\"><span style=\"font-weight:400;\">Bulevar Louis Pasteur, n\u00ba23. Campus de Teatinos. M\u00e1laga<\/span><\/p>\n","protected":false},"excerpt":{"rendered":"<p>El pr\u00f3ximo viernes 14 de diciembre tendr\u00e1 lugar la final del concurso &#8216;UMA TALENT SHOW II&#8217;. Se trata de la segunda edici\u00f3n del talent organizado por los vicerrectorados de Cultura y Deporte e Innovaci\u00f3n Social y Emprendimiento de la UMA, as\u00ed como por Comutop\u00eda RTV, la radio-televisi\u00f3n de la Facultad de Ciencias de la Comunicaci\u00f3n&#8230; <\/p>\n<div class=\"link-more\"><a href=\"http:\/\/comutopia.uma.es\/index.php\/2018\/12\/05\/finalistas-uma-talent-show-ii\/\">Leer M\u00e1s<\/a><\/div>\n","protected":false},"author":1,"featured_media":2047,"comment_status":"open","ping_status":"open","sticky":false,"template":"","format":"aside","meta":{"spay_email":""},"categories":[40,43],"tags":[],"jetpack_featured_media_url":"http:\/\/comutopia.uma.es\/wp-content\/uploads\/2018\/12\/dsc_0452-1.jpg","_links":{"self":[{"href":"http:\/\/comutopia.uma.es\/index.php\/wp-json\/wp\/v2\/posts\/2043"}],"collection":[{"href":"http:\/\/comutopia.uma.es\/index.php\/wp-json\/wp\/v2\/posts"}],"about":[{"href":"http:\/\/comutopia.uma.es\/index.php\/wp-json\/wp\/v2\/types\/post"}],"author":[{"embeddable":true,"href":"http:\/\/comutopia.uma.es\/index.php\/wp-json\/wp\/v2\/users\/1"}],"replies":[{"embeddable":true,"href":"http:\/\/comutopia.uma.es\/index.php\/wp-json\/wp\/v2\/comments?post=2043"}],"version-history":[{"count":0,"href":"http:\/\/comutopia.uma.es\/index.php\/wp-json\/wp\/v2\/posts\/2043\/revisions"}],"wp:featuredmedia":[{"embeddable":true,"href":"http:\/\/comutopia.uma.es\/index.php\/wp-json\/wp\/v2\/media\/2047"}],"wp:attachment":[{"href":"http:\/\/comutopia.uma.es\/index.php\/wp-json\/wp\/v2\/media?parent=2043"}],"wp:term":[{"taxonomy":"category","embeddable":true,"href":"http:\/\/comutopia.uma.es\/index.php\/wp-json\/wp\/v2\/categories?post=2043"},{"taxonomy":"post_tag","embeddable":true,"href":"http:\/\/comutopia.uma.es\/index.php\/wp-json\/wp\/v2\/tags?post=2043"}],"curies":[{"name":"wp","href":"https:\/\/api.w.org\/{rel}","templated":true}]}}