{"id":2051,"date":"2018-12-10T19:53:27","date_gmt":"2018-12-10T19:53:27","guid":{"rendered":"https:\/\/comutopiartv.wordpress.com\/?p=2051"},"modified":"2022-03-30T13:41:22","modified_gmt":"2022-03-30T11:41:22","slug":"uma-talent-show-ii-casting-ii-03-12-2018","status":"publish","type":"post","link":"http:\/\/comutopia.uma.es\/index.php\/2018\/12\/10\/uma-talent-show-ii-casting-ii-03-12-2018\/","title":{"rendered":"UMA Talent Show II Casting 2 (03\/12\/2018)"},"content":{"rendered":"<p><span style=\"font-weight: 400;\">\u00a0\u00a1\u00a1\u00a1\u00a1\u00a1\u00a1Y\u2026 AQU\u00cd EST\u00c1 EL SEGUNDO CASTING DE UMA TALENT SHOW II !!!!!! \u00a1Sab\u00edamos que lo est\u00e1bais esperando! Gracias a todas las personas que han participado para demostrar que la UMA est\u00e1 \u00a1\u00a1llena de TALENTO!!<\/span><\/p>\n<p><span style=\"font-weight: 400;\">Listado de participantes del segundo casting: <\/span><\/p>\n<ol start=\"20\">\n<li><span style=\"font-weight: 400;\"> Antonio Villena Gonz\u00e1lez \u00a0<\/span><\/li>\n<li><span style=\"font-weight: 400;\"> Alejandro Rodr\u00edguez Moreno <\/span><\/li>\n<li><span style=\"font-weight: 400;\"> Carmen Cuevas Vera <\/span><\/li>\n<li><span style=\"font-weight: 400;\"> Lisitea (Carlos Eduardo Valdivieso Brice\u00f1o &#8211; Roberto Carlos Garc\u00eda Mohedano) <\/span><\/li>\n<li><span style=\"font-weight: 400;\"> Laura Reyes Carrillo <\/span><\/li>\n<li><span style=\"font-weight: 400;\"> Sandra Culebras L\u00f3pez <\/span><\/li>\n<li><span style=\"font-weight: 400;\"> Ana Yadira Calder\u00f3n Portillo <\/span><\/li>\n<li><span style=\"font-weight: 400;\"> Danuta Repelowicz <\/span><\/li>\n<li><span style=\"font-weight: 400;\"> Sergio Vazquez Caro <\/span><\/li>\n<li><span style=\"font-weight: 400;\"> Aitor Tilla (Javier Abelaira Garc\u00eda) <\/span><\/li>\n<li><span style=\"font-weight: 400;\"> The arrivals (Alejandra Melgar Guerrero) <\/span><\/li>\n<li><span style=\"font-weight: 400;\"> E. Libra (Eduardo Daniel Carrillo Mu\u00f1oz) <\/span><\/li>\n<li><span style=\"font-weight: 400;\"> Wasy (Ouasima Benaboud Harroch) <\/span><\/li>\n<li><span style=\"font-weight: 400;\"> Alejandro V\u00e1zquez Cohen <\/span><\/li>\n<li><span style=\"font-weight: 400;\"> Esther Jim\u00e9nez Moreno &#8211; Paula Rubio Almagro <\/span><\/li>\n<li><span style=\"font-weight: 400;\"> Constanza Giacomelli <\/span><\/li>\n<li><span style=\"font-weight: 400;\"> Nuevos Tiempos (Lina Isabel Garc\u00eda Salzedo Sanchez &#8211; Pablo Femen\u00edas Sanchez) <\/span><\/li>\n<li><span style=\"font-weight: 400;\"> Paula S\u00e1nchez Navarro <\/span><\/li>\n<li><span style=\"font-weight: 400;\"> Canijo (Jos\u00e9 Manuel Rodr\u00edguez Gin\u00e9s) <\/span><\/li>\n<li><span style=\"font-weight: 400;\"> Siham El Moudden Hami <\/span><\/li>\n<li><span style=\"font-weight: 400;\"> Ana S\u00e1nchez Trivi\u00f1o <\/span><\/li>\n<li><span style=\"font-weight: 400;\"> Diana Gonz\u00e1lez Moreno <\/span><\/li>\n<li><span style=\"font-weight: 400;\"> M\u00e1gico Toledo y la familia Toledo (Pablo Toledo \u00dabeda) <\/span><\/li>\n<li><span style=\"font-weight: 400;\"> Lady Andrea (Andrea Arango Mulen) <\/span><\/li>\n<li><span style=\"font-weight: 400;\"> Pili y \u00c1lvaro <\/span><\/li>\n<li><span style=\"font-weight: 400;\"> Irene N\u00fa\u00f1ez Delgado <\/span><\/li>\n<li><span style=\"font-weight: 400;\"> Ariadna Mesa Mateos <\/span><\/li>\n<li><span style=\"font-weight: 400;\"> Cristina Anabel Mu\u00f1oz <\/span><\/li>\n<li><span style=\"font-weight: 400;\"> El emperador (Daniel C\u00e9sar Vargas Holguin) <\/span><\/li>\n<li><span style=\"font-weight: 400;\"> Francesca Cattaneo <\/span><\/li>\n<li><span style=\"font-weight: 400;\"> Mar\u00eda Pardeza Aguilar <\/span><\/li>\n<li><span style=\"font-weight: 400;\"> Stephan Charles Nielson <\/span><\/li>\n<li><span style=\"font-weight: 400;\"> Los sin Camisa <\/span><\/li>\n<li><span style=\"font-weight: 400;\"> Natalia C\u00f3mitre <\/span><\/li>\n<li><span style=\"font-weight: 400;\"> Rafael Hijano <\/span><\/li>\n<li><span style=\"font-weight: 400;\"> Virginia Mar\u00eda Tall\u00f3n Cort\u00e9s <\/span><\/li>\n<li><span style=\"font-weight: 400;\"> L\u00eda Van der Goor Garc\u00eda <\/span><\/li>\n<li><span style=\"font-weight: 400;\"> Nieves Cotta Rivas<\/span><\/li>\n<li><span style=\"font-weight: 400;\"> Sil y Mariana <\/span><\/li>\n<\/ol>\n<p><span style=\"font-weight: 400;\">Este concurso es posible gracias al Vicerrectorado de Cultura y Deporte de la UMA, El Vicerrectorado de Innovaci\u00f3n Social y Emprendimiento de la Universidad de M\u00e1laga y a Comutop\u00eda RTV, la radio-televisi\u00f3n de la Facultad de Ciencias de la Comunicaci\u00f3n de la Universidad de M\u00e1laga. <\/span><\/p>\n<p><span style=\"font-weight: 400;\">Agradecemos su colaboraci\u00f3n a: El Botijo, agua fresca de Andaluc\u00eda, Bailly Bijoux, Soledad Matas Make Up, Tienda UMA y Boom Cereales. <\/span><\/p>\n<p><span style=\"font-weight: 400;\">No os olvid\u00e9is de la FINAL el 14 de diciembre en el Contenedor Cultural a las 19:00h!! <\/span><\/p>\n<p><span style=\"font-weight: 400;\">\u00a1\u00a1\u00a1Muchas gracias a todos los participantes!!!<\/span><\/p>\n<div class=\"jetpack-video-wrapper\"><iframe loading=\"lazy\" width=\"1000\" height=\"563\" src=\"https:\/\/www.youtube.com\/embed\/QGKnKxDEjLA?feature=oembed\" frameborder=\"0\" allow=\"accelerometer; autoplay; encrypted-media; gyroscope; picture-in-picture\" allowfullscreen><\/iframe><\/div>\n","protected":false},"excerpt":{"rendered":"<p>\u00a0\u00a1\u00a1\u00a1\u00a1\u00a1\u00a1Y\u2026 AQU\u00cd EST\u00c1 EL SEGUNDO CASTING DE UMA TALENT SHOW II !!!!!! \u00a1Sab\u00edamos que lo est\u00e1bais esperando! Gracias a todas las personas que han participado para demostrar que la UMA est\u00e1 \u00a1\u00a1llena de TALENTO!! Listado de participantes del segundo casting: Antonio Villena Gonz\u00e1lez \u00a0 Alejandro Rodr\u00edguez Moreno Carmen Cuevas Vera Lisitea (Carlos Eduardo Valdivieso Brice\u00f1o&#8230; <\/p>\n<div class=\"link-more\"><a href=\"http:\/\/comutopia.uma.es\/index.php\/2018\/12\/10\/uma-talent-show-ii-casting-ii-03-12-2018\/\">Leer M\u00e1s<\/a><\/div>\n","protected":false},"author":1,"featured_media":2394,"comment_status":"open","ping_status":"open","sticky":false,"template":"","format":"aside","meta":{"spay_email":""},"categories":[40,42],"tags":[58,59],"jetpack_featured_media_url":"http:\/\/comutopia.uma.es\/wp-content\/uploads\/2018\/12\/dsc_0725-1.jpg","_links":{"self":[{"href":"http:\/\/comutopia.uma.es\/index.php\/wp-json\/wp\/v2\/posts\/2051"}],"collection":[{"href":"http:\/\/comutopia.uma.es\/index.php\/wp-json\/wp\/v2\/posts"}],"about":[{"href":"http:\/\/comutopia.uma.es\/index.php\/wp-json\/wp\/v2\/types\/post"}],"author":[{"embeddable":true,"href":"http:\/\/comutopia.uma.es\/index.php\/wp-json\/wp\/v2\/users\/1"}],"replies":[{"embeddable":true,"href":"http:\/\/comutopia.uma.es\/index.php\/wp-json\/wp\/v2\/comments?post=2051"}],"version-history":[{"count":1,"href":"http:\/\/comutopia.uma.es\/index.php\/wp-json\/wp\/v2\/posts\/2051\/revisions"}],"predecessor-version":[{"id":3997,"href":"http:\/\/comutopia.uma.es\/index.php\/wp-json\/wp\/v2\/posts\/2051\/revisions\/3997"}],"wp:featuredmedia":[{"embeddable":true,"href":"http:\/\/comutopia.uma.es\/index.php\/wp-json\/wp\/v2\/media\/2394"}],"wp:attachment":[{"href":"http:\/\/comutopia.uma.es\/index.php\/wp-json\/wp\/v2\/media?parent=2051"}],"wp:term":[{"taxonomy":"category","embeddable":true,"href":"http:\/\/comutopia.uma.es\/index.php\/wp-json\/wp\/v2\/categories?post=2051"},{"taxonomy":"post_tag","embeddable":true,"href":"http:\/\/comutopia.uma.es\/index.php\/wp-json\/wp\/v2\/tags?post=2051"}],"curies":[{"name":"wp","href":"https:\/\/api.w.org\/{rel}","templated":true}]}}