{"id":2129,"date":"2019-03-06T16:18:07","date_gmt":"2019-03-06T15:18:07","guid":{"rendered":"https:\/\/comutopiartv.wordpress.com\/?p=2129"},"modified":"2019-03-06T16:18:07","modified_gmt":"2019-03-06T15:18:07","slug":"radionaumas-t5-programa-1-06-03-2019","status":"publish","type":"post","link":"http:\/\/comutopia.uma.es\/index.php\/2019\/03\/06\/radionaumas-t5-programa-1-06-03-2019\/","title":{"rendered":"RadionaUMAs T5 Programa 1 (06\/03\/2019)"},"content":{"rendered":"<p><!--[if lt IE 9]><script>document.createElement('audio');<\/script><![endif]-->\n<audio class=\"wp-audio-shortcode\" id=\"audio-2129-1\" preload=\"none\" style=\"width: 100%;\" controls=\"controls\"><source type=\"audio\/mpeg\" src=\"https:\/\/www.ivoox.com\/radionaumas-t5-programa-1-06-03-2019_md_33125613_wp_1.mp3?_=1\" \/><a href=\"https:\/\/www.ivoox.com\/radionaumas-t5-programa-1-06-03-2019_md_33125613_wp_1.mp3\">https:\/\/www.ivoox.com\/radionaumas-t5-programa-1-06-03-2019_md_33125613_wp_1.mp3<\/a><\/audio> <a title=\"RadionaUMAs T5 Programa 1 (06\/03\/2019) \" href=\"https:\/\/www.ivoox.com\/radionaumas-t5-programa-1-06-03-2019-audios-mp3_rf_33125613_1.html\">Ir a descargar<\/a><\/p>\n<p>\u00a1Hola a todos y todas!<\/p>\n<p>\ud83c\udf89Os damos la bienvenida a la <b>nueva temporada de RadionaUMAs<\/b>. Llegamos con nuevo equipo y \u00a1\u00a1cargados de ganas y de contenidos!!\ud83c\udf89<\/p>\n<p>El tema principal de este primer programa es el <b>8M<\/b>, el D\u00eda Internacional de la Mujer.<\/p>\n<p>En la <b>secci\u00f3n de noticias<\/b> te informamos de todos los actos que la Universidad tiene preparados para celebrar este d\u00eda, entre los que se incluyen jornadas y exposiciones. (1:39-3:32) Te explicaremos c\u00f3mo poder beneficiarte de un descuento del 50% en el uso de los \u00a0nuevos patinetes el\u00e9ctricos que han llegado a la universidad, (3:33-5:01) y tambi\u00e9n hablaremos de nuestras campeonas, las jugadoras del \u00a0Club Deportivo de la Universidad de M\u00e1laga de Rugby Femenino \ud83c\udfc8. (5:02-6:33)<\/p>\n<p>Tras las noticias tenemos un amplio \u00a0<b>reportaje sobre<\/b> <b>Caf\u00e9 Feminista de M\u00e1laga<\/b> (7:16-11:54): una asociaci\u00f3n que se re\u00fane cada semana en La Casa Invisible para luchar por la igualdad entre hombres y mujeres.<\/p>\n<p>En el<b> WTF! <\/b>ya con un tono m\u00e1s distendido, hablaremos del <i>pichabravus ibericus, <\/i>un esp\u00e9cimen que puebla nuestra pen\u00ednsula y que esperamos que pronto se extinga \ud83d\ude09 (11:55-15:55)<\/p>\n<p>En la secci\u00f3n <b>WHAT, <\/b>\u00a1Hablas t\u00fa! por eso escucharemos qu\u00e9 opinan los y las estudiantes de la Universidad de M\u00e1laga ante la pregunta: \u201c\u00bfcrees \u00a0que el machismo se est\u00e1 erradicando o queda trabajo por hacer?\u201d. (16:05-20:17)<\/p>\n<p>En el<b> No te pierdas <\/b>repasaremos todas las actividades a las que puedes asistir a lo largo de la semana que est\u00e1n relacionadas con la UMA para que no te aburras. \u00a1El Contenedor Cultural viene cargado! (21:56-25:08)<\/p>\n<p>Y finalmente, en<b> La Gramola, <\/b>nuestra secci\u00f3n musical, os traemos \u00a0la esperad\u00edsima entrevista a \u201c<b>la leona<\/b>\u201d de <b>OT: Miriam Rodr\u00edguez<\/b> que os hablar\u00e1 de su nuevo single \u201cSin miedo\u201d. (25:09-29:30)<\/p>\n<p>\u00a1Hasta aqu\u00ed el primer RadionaUMAs de esta temporada! La semana que viene: m\u00e1s y mejor.<\/p>\n","protected":false},"excerpt":{"rendered":"<p>Ir a descargar \u00a1Hola a todos y todas! \ud83c\udf89Os damos la bienvenida a la nueva temporada de RadionaUMAs. Llegamos con nuevo equipo y \u00a1\u00a1cargados de ganas y de contenidos!!\ud83c\udf89 El tema principal de este primer programa es el 8M, el D\u00eda Internacional de la Mujer. En la secci\u00f3n de noticias te informamos de todos los&#8230; <\/p>\n<div class=\"link-more\"><a href=\"http:\/\/comutopia.uma.es\/index.php\/2019\/03\/06\/radionaumas-t5-programa-1-06-03-2019\/\">Leer M\u00e1s<\/a><\/div>\n","protected":false},"author":1,"featured_media":2399,"comment_status":"open","ping_status":"open","sticky":false,"template":"","format":"aside","meta":{"spay_email":""},"categories":[16,36],"tags":[58,70,83,84,85,86,98],"jetpack_featured_media_url":"http:\/\/comutopia.uma.es\/wp-content\/uploads\/2019\/03\/radionaumas.jpg","_links":{"self":[{"href":"http:\/\/comutopia.uma.es\/index.php\/wp-json\/wp\/v2\/posts\/2129"}],"collection":[{"href":"http:\/\/comutopia.uma.es\/index.php\/wp-json\/wp\/v2\/posts"}],"about":[{"href":"http:\/\/comutopia.uma.es\/index.php\/wp-json\/wp\/v2\/types\/post"}],"author":[{"embeddable":true,"href":"http:\/\/comutopia.uma.es\/index.php\/wp-json\/wp\/v2\/users\/1"}],"replies":[{"embeddable":true,"href":"http:\/\/comutopia.uma.es\/index.php\/wp-json\/wp\/v2\/comments?post=2129"}],"version-history":[{"count":0,"href":"http:\/\/comutopia.uma.es\/index.php\/wp-json\/wp\/v2\/posts\/2129\/revisions"}],"wp:featuredmedia":[{"embeddable":true,"href":"http:\/\/comutopia.uma.es\/index.php\/wp-json\/wp\/v2\/media\/2399"}],"wp:attachment":[{"href":"http:\/\/comutopia.uma.es\/index.php\/wp-json\/wp\/v2\/media?parent=2129"}],"wp:term":[{"taxonomy":"category","embeddable":true,"href":"http:\/\/comutopia.uma.es\/index.php\/wp-json\/wp\/v2\/categories?post=2129"},{"taxonomy":"post_tag","embeddable":true,"href":"http:\/\/comutopia.uma.es\/index.php\/wp-json\/wp\/v2\/tags?post=2129"}],"curies":[{"name":"wp","href":"https:\/\/api.w.org\/{rel}","templated":true}]}}