{"id":2152,"date":"2019-03-14T19:05:40","date_gmt":"2019-03-14T18:05:40","guid":{"rendered":"https:\/\/comutopiartv.wordpress.com\/?p=2152"},"modified":"2019-03-14T19:05:40","modified_gmt":"2019-03-14T18:05:40","slug":"umabarbaridad-t5-programa-1-14-03-2019","status":"publish","type":"post","link":"http:\/\/comutopia.uma.es\/index.php\/2019\/03\/14\/umabarbaridad-t5-programa-1-14-03-2019\/","title":{"rendered":"UMABarbaridad T5 Programa 1 (14\/03\/2019)"},"content":{"rendered":"<p><!--[if lt IE 9]><script>document.createElement('audio');<\/script><![endif]-->\n<audio class=\"wp-audio-shortcode\" id=\"audio-2152-1\" preload=\"none\" style=\"width: 100%;\" controls=\"controls\"><source type=\"audio\/mpeg\" src=\"https:\/\/www.ivoox.com\/umabarbaridad-t5-programa-1-14-03-2019_md_33377001_wp_1.mp3?_=1\" \/><a href=\"https:\/\/www.ivoox.com\/umabarbaridad-t5-programa-1-14-03-2019_md_33377001_wp_1.mp3\">https:\/\/www.ivoox.com\/umabarbaridad-t5-programa-1-14-03-2019_md_33377001_wp_1.mp3<\/a><\/audio> <a title=\"UMABarbaridad T5 Programa 1 (14\/03\/2019)\" href=\"https:\/\/www.ivoox.com\/umabarbaridad-t5-programa-1-14-03-2019-audios-mp3_rf_33377001_1.html\">Ir a descargar<\/a><\/p>\n<p><span style=\"font-weight:400;\">\u00a1Ya est\u00e1 aqu\u00ed! \u00a1Ya lleg\u00f3! \u00a1Despu\u00e9s de varias semanas, arranca el primer UMABarbaridad de la temporada 5 con nuevo equipo y nuevos contenidos! (0:36 &#8211; 1:41)<\/span><\/p>\n<p><span style=\"font-weight:400;\">\u00a1Como es de esperar, la m\u00fasica no pod\u00eda faltar en un d\u00eda como hoy! Estar\u00e1 con nosotros Vicky Santiago, la ganadora de la segunda edici\u00f3n del UMA Talent Show. Nos contar\u00e1 much\u00edsimas novedades relacionadas con su pr\u00f3ximo concierto en el Contenedor Cultural, as\u00ed como su experiencia en el mundo de la m\u00fasica y su nueva vida tras hacerse con la victoria (2:07 &#8211; 7:42)<\/span><\/p>\n<p><span style=\"font-weight:400;\">Con motivo del D\u00eda Internacional de la Mujer, se han realizado numerosas actividades donde ellas eran las protagonistas, entre las que se encuentra el ciclo de cine feminista \u201cL\u00e9eme los labios\u201d. Se ha proyectado la pel\u00edcula Pers\u00e9polis, un filme de animaci\u00f3n centrada en la rebeli\u00f3n de la mujer contra el sistema (7:43 &#8211; 10:54)<\/span><\/p>\n<p><span style=\"font-weight:400;\">Tenemos una muy buena noticia para los amantes del radioteatro, ya que se ha celebrado el Primer Congreso Internacional de Radioteatro de la UMA. Nuestros compa\u00f1eros Javi Hinojosa y Juli\u00e1n Torres han sido testigos del evento realizado en el Contenedor Cultural y tuvieron la oportunidad de entrevistar a profesionales y acad\u00e9micos relacionados con el sector, como Ana Alonso, Miguel \u00c1ngel Ortiz o \u00c1ngeles Afuera, entre otros. \u00a1No te lo pierdas! (11:11 &#8211; 25:52)<\/span><\/p>\n<p><span style=\"font-weight:400;\">Y \u00a1muy atentos!, ya que ofrecemos en exclusiva un adelanto de El Caso Heredia, una ficci\u00f3n sonora de misterio realizada por los alumnos de Comunicaci\u00f3n Audiovisual que podremos escuchar muy pronto en Comutop\u00eda RTV (26:09 &#8211; 28:30)<\/span><\/p>\n<p><span style=\"font-weight:400;\">\u00bfOs hab\u00e9is quedado con ganas de m\u00e1s? No olvid\u00e9is echar un vistazo a nuestra agenda, donde podr\u00e9is encontrar todos los eventos culturales que se realizar\u00e1n pr\u00f3ximamente en la UMA: \u00a1proyecciones de pel\u00edculas, conciertos y mucho m\u00e1s! (28:31 &#8211; 30:40).<\/span><\/p>\n<p><span style=\"font-weight:400;\">Finalmente, y aprovechando la conmemoraci\u00f3n del D\u00eda de la Mujer, hemos preguntado a nuestros umaoyentes qu\u00e9 actividades estar\u00edan interesados en ver en el Contenedor Cultural (30:43 &#8211; 31:35)<\/span><\/p>\n<p><span style=\"font-weight:400;\">\u00a1Gracias a todos por estar una temporada m\u00e1s con nosotros y acompa\u00f1arnos en nuestro primer UMABarbaridad!<\/span><\/p>\n<p>\u00a0<\/p>\n","protected":false},"excerpt":{"rendered":"<p>Ir a descargar \u00a1Ya est\u00e1 aqu\u00ed! \u00a1Ya lleg\u00f3! \u00a1Despu\u00e9s de varias semanas, arranca el primer UMABarbaridad de la temporada 5 con nuevo equipo y nuevos contenidos! (0:36 &#8211; 1:41) \u00a1Como es de esperar, la m\u00fasica no pod\u00eda faltar en un d\u00eda como hoy! Estar\u00e1 con nosotros Vicky Santiago, la ganadora de la segunda edici\u00f3n del&#8230; <\/p>\n<div class=\"link-more\"><a href=\"http:\/\/comutopia.uma.es\/index.php\/2019\/03\/14\/umabarbaridad-t5-programa-1-14-03-2019\/\">Leer M\u00e1s<\/a><\/div>\n","protected":false},"author":1,"featured_media":2153,"comment_status":"open","ping_status":"open","sticky":false,"template":"","format":"aside","meta":{"spay_email":""},"categories":[47],"tags":[],"jetpack_featured_media_url":"http:\/\/comutopia.uma.es\/wp-content\/uploads\/2019\/03\/14marzo.jpg","_links":{"self":[{"href":"http:\/\/comutopia.uma.es\/index.php\/wp-json\/wp\/v2\/posts\/2152"}],"collection":[{"href":"http:\/\/comutopia.uma.es\/index.php\/wp-json\/wp\/v2\/posts"}],"about":[{"href":"http:\/\/comutopia.uma.es\/index.php\/wp-json\/wp\/v2\/types\/post"}],"author":[{"embeddable":true,"href":"http:\/\/comutopia.uma.es\/index.php\/wp-json\/wp\/v2\/users\/1"}],"replies":[{"embeddable":true,"href":"http:\/\/comutopia.uma.es\/index.php\/wp-json\/wp\/v2\/comments?post=2152"}],"version-history":[{"count":0,"href":"http:\/\/comutopia.uma.es\/index.php\/wp-json\/wp\/v2\/posts\/2152\/revisions"}],"wp:featuredmedia":[{"embeddable":true,"href":"http:\/\/comutopia.uma.es\/index.php\/wp-json\/wp\/v2\/media\/2153"}],"wp:attachment":[{"href":"http:\/\/comutopia.uma.es\/index.php\/wp-json\/wp\/v2\/media?parent=2152"}],"wp:term":[{"taxonomy":"category","embeddable":true,"href":"http:\/\/comutopia.uma.es\/index.php\/wp-json\/wp\/v2\/categories?post=2152"},{"taxonomy":"post_tag","embeddable":true,"href":"http:\/\/comutopia.uma.es\/index.php\/wp-json\/wp\/v2\/tags?post=2152"}],"curies":[{"name":"wp","href":"https:\/\/api.w.org\/{rel}","templated":true}]}}