{"id":2156,"date":"2019-03-15T19:44:53","date_gmt":"2019-03-15T18:44:53","guid":{"rendered":"https:\/\/comutopiartv.wordpress.com\/?p=2156"},"modified":"2019-03-15T19:44:53","modified_gmt":"2019-03-15T18:44:53","slug":"infocomutopia-t5-programa-2-15-03-2019","status":"publish","type":"post","link":"http:\/\/comutopia.uma.es\/index.php\/2019\/03\/15\/infocomutopia-t5-programa-2-15-03-2019\/","title":{"rendered":"InfoComutop\u00eda T5 Programa 2 (15\/03\/2019)"},"content":{"rendered":"<p>\u00a1Ya puedes ver el InfoComutop\u00eda de esta semana! En \u00e9l, te contamos las \u00faltimas<br \/>\nnovedades de la UMA, as\u00ed como diversos temas de inter\u00e9s para la comunidad universitaria.A continuaci\u00f3n, os dejamos un sumario en el que encontrar\u00e9is un breve resumen sobre cada una de las noticias. \u00a1Comenzamos!<\/p>\n<p>(MIN 1:05) CAMPA\u00d1A DE DONACI\u00d3N DE SANGRE URGENTE.<br \/>\nEl Centro Regional de Transfusiones de M\u00e1laga lanza un llamamiento urgente para<br \/>\npromover las donaciones de sangre, ya que las reservas actuales se encuentran bajo<br \/>\nm\u00ednimos. Durante todo este mes, se traslada al campus universitario para facilitar las<br \/>\ndonaciones.<\/p>\n<p>(MIN 2:55) LOS PATINETES EL\u00c9CTRICOS LLEGAN A LA UMA.<br \/>\nLlega a la comunidad universitaria la movilidad ecosostenible a trav\u00e9s de un convenio con la empresa Lime para distribuir patinetes el\u00e9ctricos por todo el campus. Los miembros de la comunidad tienen acceso a un descuento por su uso.<\/p>\n<p>(MIN 4:42) INAUGURACI\u00d3N PROGRAMA UNIVERGEM.<br \/>\nEl Vicerrectorado de Innovaci\u00f3n Social y Emprendimiento de la Universidad de M\u00e1laga pone en marcha un nuevo programa gracias a la subvenci\u00f3n recibida por el Instituto Andaluz de la Mujer, cuyo objetivo es lograr la igualdad efectiva en el mundo laboral entre hombres y mujeres.<\/p>\n<p>(MIN 6:31) DEFENSOR DE LA COMUNIDAD UNIVERSITARIA.<br \/>\nCon motivo del D\u00eda Internacional del Consumidor hemos preguntado al alumnado si<br \/>\nconocen la figura del Defensor de la Comunidad Universitaria \u00bfConocemos los estudiantes todos los servicios que pone la UMA a nuestra disposici\u00f3n?<\/p>\n<p>(MIN 9:18) M\u00c1LAGA ACOGE LA TERCERA EDICI\u00d3N DE LA FREAKCON.<br \/>\nEl pasado fin de semana, M\u00e1laga se convirti\u00f3 en punto de encuentro para todos los<br \/>\naficionados al mundo friki gracias a la celebraci\u00f3n de la tercera edici\u00f3n de la FreakCon.<\/p>\n<p>(MIN 10:54) SCAPE-ROOM: EL UNIVERSO DE ALMOD\u00d3VAR.<br \/>\nEl Contenedor Cultural y M\u00e1laga de Festival realizan una serie de actividades paralelas a la vig\u00e9simo segunda edici\u00f3n del Festival de Cine en Espa\u00f1ol de M\u00e1laga, entre las que se<br \/>\nencuentra un scape-room inspirado en las pel\u00edculas de Pedro Almod\u00f3var.<\/p>\n<p>(MIN 12:22) EL BESOCCER UMA ANTEQUERA, CADA VEZ M\u00c1S LEJOS DE LA<br \/>\nSALVACI\u00d3N.<br \/>\nEl UMA Antequera cae ante el Valdepe\u00f1as en un duelo directo por la permanencia. Se<br \/>\nacerca la fecha de inscripci\u00f3n del torneo universitario Copa Intercentros.<\/p>\n<p>(MIN 14:14) COMIENZA EL FESTIVAL DE CINE EN ESPA\u00d1OL DE M\u00c1LAGA<br \/>\nM\u00e1laga se prepara para recibir durante 10 d\u00edas la vig\u00e9simo segunda edici\u00f3n del Festival de Cine en Espa\u00f1ol. El 8 de Marzo se proyect\u00f3 la pel\u00edcula \u201cCarmen y Lola\u201d en colaboraci\u00f3n con la Facultad de Ciencias de la Comunicaci\u00f3n y la Fundaci\u00f3n General de la UMA.<\/p>\n<p><span style=\"font-weight:400;\">Ya sabes que nuestro informativo universitario est\u00e1 disponible en YouTube cuando quieras y como quieras, y el fin de semana en Torremolinos TV. <\/span><\/p>\n<p>[youtube https:\/\/www.youtube.com\/watch?v=DiaCLf9j2Rk&amp;w=560&amp;h=315]<\/p>\n","protected":false},"excerpt":{"rendered":"<p>\u00a1Ya puedes ver el InfoComutop\u00eda de esta semana! En \u00e9l, te contamos las \u00faltimas novedades de la UMA, as\u00ed como diversos temas de inter\u00e9s para la comunidad universitaria.A continuaci\u00f3n, os dejamos un sumario en el que encontrar\u00e9is un breve resumen sobre cada una de las noticias. \u00a1Comenzamos! (MIN 1:05) CAMPA\u00d1A DE DONACI\u00d3N DE SANGRE URGENTE&#8230;. <\/p>\n<div class=\"link-more\"><a href=\"http:\/\/comutopia.uma.es\/index.php\/2019\/03\/15\/infocomutopia-t5-programa-2-15-03-2019\/\">Leer M\u00e1s<\/a><\/div>\n","protected":false},"author":1,"featured_media":2155,"comment_status":"open","ping_status":"open","sticky":false,"template":"","format":"aside","meta":{"spay_email":""},"categories":[26],"tags":[],"jetpack_featured_media_url":"http:\/\/comutopia.uma.es\/wp-content\/uploads\/2019\/03\/20190315_121424.jpg","_links":{"self":[{"href":"http:\/\/comutopia.uma.es\/index.php\/wp-json\/wp\/v2\/posts\/2156"}],"collection":[{"href":"http:\/\/comutopia.uma.es\/index.php\/wp-json\/wp\/v2\/posts"}],"about":[{"href":"http:\/\/comutopia.uma.es\/index.php\/wp-json\/wp\/v2\/types\/post"}],"author":[{"embeddable":true,"href":"http:\/\/comutopia.uma.es\/index.php\/wp-json\/wp\/v2\/users\/1"}],"replies":[{"embeddable":true,"href":"http:\/\/comutopia.uma.es\/index.php\/wp-json\/wp\/v2\/comments?post=2156"}],"version-history":[{"count":0,"href":"http:\/\/comutopia.uma.es\/index.php\/wp-json\/wp\/v2\/posts\/2156\/revisions"}],"wp:featuredmedia":[{"embeddable":true,"href":"http:\/\/comutopia.uma.es\/index.php\/wp-json\/wp\/v2\/media\/2155"}],"wp:attachment":[{"href":"http:\/\/comutopia.uma.es\/index.php\/wp-json\/wp\/v2\/media?parent=2156"}],"wp:term":[{"taxonomy":"category","embeddable":true,"href":"http:\/\/comutopia.uma.es\/index.php\/wp-json\/wp\/v2\/categories?post=2156"},{"taxonomy":"post_tag","embeddable":true,"href":"http:\/\/comutopia.uma.es\/index.php\/wp-json\/wp\/v2\/tags?post=2156"}],"curies":[{"name":"wp","href":"https:\/\/api.w.org\/{rel}","templated":true}]}}