{"id":2263,"date":"2019-04-30T13:40:22","date_gmt":"2019-04-30T11:40:22","guid":{"rendered":"https:\/\/comutopiartv.wordpress.com\/?p=2263"},"modified":"2019-04-30T13:40:22","modified_gmt":"2019-04-30T11:40:22","slug":"caso-heredia-episodio-3","status":"publish","type":"post","link":"http:\/\/comutopia.uma.es\/index.php\/2019\/04\/30\/caso-heredia-episodio-3\/","title":{"rendered":"Caso Heredia: Episodio 3"},"content":{"rendered":"<!--[if lt IE 9]><script>document.createElement('audio');<\/script><![endif]-->\n<audio class=\"wp-audio-shortcode\" id=\"audio-2263-1\" preload=\"none\" style=\"width: 100%;\" controls=\"controls\"><source type=\"audio\/mpeg\" src=\"https:\/\/www.ivoox.com\/caso-heredia-episodio-3-30-04-2019_md_35125363_wp_1.mp3?_=1\" \/><a href=\"https:\/\/www.ivoox.com\/caso-heredia-episodio-3-30-04-2019_md_35125363_wp_1.mp3\">https:\/\/www.ivoox.com\/caso-heredia-episodio-3-30-04-2019_md_35125363_wp_1.mp3<\/a><\/audio>\n<p>&nbsp;<\/p>\n<p>\u00bfQu\u00e9 estaba investigando la madre de Marta? Desc\u00fabrelo en el tercer episodio de #ElCasoHeredia, la nueva ficci\u00f3n original de Comutop\u00eda RTV.<\/p>\n<p>Tras ser detenidos, Marta decide que lo mejor ser\u00e1 seguir por su cuenta. Junto con Jorge, se adentrar\u00e1 en la investigaci\u00f3n de su madre y qu\u00e9 pudo llevar a que la mataran.<\/p>\n<p>Reparto:<br \/>\nMarina Sol\u00f3rzano como Marta<br \/>\nXisco Lozano como Miki<br \/>\nCristina Guti\u00e9rrez como Vero<br \/>\nUalid Amrani como Carlos<br \/>\nRafael Hijano como Jorge<br \/>\nPatricio P\u00e9rez Ruf\u00ed como Salvador<br \/>\nLaura L\u00f3pez Carrobles como Polic\u00eda<br \/>\ncon \u00c1lvaro Guerrero como el Inspector V\u00edctor Rodr\u00edguez<br \/>\ny Paloma L\u00f3pez Villafranca como M\u00f3nica<\/p>\n<p>Escrito por \u00c1lvaro Guerrero y Xisco Lozano.<br \/>\nEditado por \u00c1lvaro Guerrero y Xisco Lozano.<br \/>\nUna serie original de \u00c1lvaro Guerrero, Rafa Hijano, Laura L\u00f3pez Carrobles y Xisco Lozano.<br \/>\nTema principal compuesto por Sergio G\u00f3mez Pacheco.<\/p>\n<p>M\u00fasica:<br \/>\nfrom https:\/\/filmmusic.io:<br \/>\n\u00abMan Down\u00bb and \u00abJet Fueled Vixen\u00bb by Kevin MacLeod (https:\/\/incompetech.com)<br \/>\nLicence: CC BY (https:\/\/creativecommons.org\/licenses\/by\/4.0\/)<\/p>\n","protected":false},"excerpt":{"rendered":"<p>&nbsp; \u00bfQu\u00e9 estaba investigando la madre de Marta? Desc\u00fabrelo en el tercer episodio de #ElCasoHeredia, la nueva ficci\u00f3n original de Comutop\u00eda RTV. Tras ser detenidos, Marta decide que lo mejor ser\u00e1 seguir por su cuenta. Junto con Jorge, se adentrar\u00e1 en la investigaci\u00f3n de su madre y qu\u00e9 pudo llevar a que la mataran. Reparto:&#8230; <\/p>\n<div class=\"link-more\"><a href=\"http:\/\/comutopia.uma.es\/index.php\/2019\/04\/30\/caso-heredia-episodio-3\/\">Leer M\u00e1s<\/a><\/div>\n","protected":false},"author":1,"featured_media":2264,"comment_status":"open","ping_status":"open","sticky":false,"template":"","format":"standard","meta":{"spay_email":""},"categories":[10],"tags":[],"jetpack_featured_media_url":"http:\/\/comutopia.uma.es\/wp-content\/uploads\/2019\/04\/episodio-3-banner.png","_links":{"self":[{"href":"http:\/\/comutopia.uma.es\/index.php\/wp-json\/wp\/v2\/posts\/2263"}],"collection":[{"href":"http:\/\/comutopia.uma.es\/index.php\/wp-json\/wp\/v2\/posts"}],"about":[{"href":"http:\/\/comutopia.uma.es\/index.php\/wp-json\/wp\/v2\/types\/post"}],"author":[{"embeddable":true,"href":"http:\/\/comutopia.uma.es\/index.php\/wp-json\/wp\/v2\/users\/1"}],"replies":[{"embeddable":true,"href":"http:\/\/comutopia.uma.es\/index.php\/wp-json\/wp\/v2\/comments?post=2263"}],"version-history":[{"count":0,"href":"http:\/\/comutopia.uma.es\/index.php\/wp-json\/wp\/v2\/posts\/2263\/revisions"}],"wp:featuredmedia":[{"embeddable":true,"href":"http:\/\/comutopia.uma.es\/index.php\/wp-json\/wp\/v2\/media\/2264"}],"wp:attachment":[{"href":"http:\/\/comutopia.uma.es\/index.php\/wp-json\/wp\/v2\/media?parent=2263"}],"wp:term":[{"taxonomy":"category","embeddable":true,"href":"http:\/\/comutopia.uma.es\/index.php\/wp-json\/wp\/v2\/categories?post=2263"},{"taxonomy":"post_tag","embeddable":true,"href":"http:\/\/comutopia.uma.es\/index.php\/wp-json\/wp\/v2\/tags?post=2263"}],"curies":[{"name":"wp","href":"https:\/\/api.w.org\/{rel}","templated":true}]}}