{"id":2277,"date":"2019-05-08T14:53:20","date_gmt":"2019-05-08T12:53:20","guid":{"rendered":"https:\/\/comutopiartv.wordpress.com\/?p=2277"},"modified":"2019-05-08T14:53:20","modified_gmt":"2019-05-08T12:53:20","slug":"radionaumas-t5-programa-8-08-05-2019","status":"publish","type":"post","link":"http:\/\/comutopia.uma.es\/index.php\/2019\/05\/08\/radionaumas-t5-programa-8-08-05-2019\/","title":{"rendered":"RadionaUMAs T5 Programa 8 (08\/05\/2019)"},"content":{"rendered":"<p><!--[if lt IE 9]><script>document.createElement('audio');<\/script><![endif]-->\n<audio class=\"wp-audio-shortcode\" id=\"audio-2277-1\" preload=\"none\" style=\"width: 100%;\" controls=\"controls\"><source type=\"audio\/mpeg\" src=\"https:\/\/www.ivoox.com\/radionaumas-t5-programa-8-08-05-2019_md_35551402_wp_1.mp3?_=1\" \/><a href=\"https:\/\/www.ivoox.com\/radionaumas-t5-programa-8-08-05-2019_md_35551402_wp_1.mp3\">https:\/\/www.ivoox.com\/radionaumas-t5-programa-8-08-05-2019_md_35551402_wp_1.mp3<\/a><\/audio> <a title=\"RadionaUMAs T5 Programa 8 (08\/05\/2019)\" href=\"https:\/\/www.ivoox.com\/radionaumas-t5-programa-8-08-05-2019-audios-mp3_rf_35551402_1.html\">Ir a descargar<\/a><br \/>\n\u00a1Hola a todas y todos!<\/p>\n<p>Estamos en la recta final de la temporada 5 y lo que es lo mismo, \u00a1del curso acad\u00e9mico!<\/p>\n<p>Por eso tenemos una semana m\u00e1s un RadionaUMAs interesant\u00edsimo.<\/p>\n<p>Te contamos todo en nuestro <b>micro-informativo<\/b> sobre la <b>Feria de Empleo (1:50-3:22) <\/b>organizada como cada a\u00f1o en la UMA, con la que puedes tener una primera toma de contacto con lo que te espera al acabar la carrera; tambi\u00e9n sobre el <b>Summer Camp (3:23-05:05) <\/b>que la Fundaci\u00f3n General de Universidad organiza para los m\u00e1s peques y futuros estudiantes (\u00a1qui\u00e9n sabe si m\u00e1s de unx acabar\u00e1 haciendo las pr\u00e1cticas en Comutop\u00eda RTV); y finalmente sobre el <b>Torneo de Ajedrez Trofeo Rector 2019 OPEN <span class=\"_3gl1 _5zz4\"><span class=\"_ncl\">\ud83c\udfc6<\/span><\/span>(05:06-06:12)<\/b> previsto para el pr\u00f3ximo s\u00e1bado 18 y en el que puedes apuntarte hasta el d\u00eda de antes del torneo.<\/p>\n<p>Seguimos con un <b>Qu\u00e9 se cuece (06:23-13:30)<\/b> en el que hablaremos de un art\u00edculo publicado en la revista cient\u00edfica \u201cAdicciones\u201d que asegura que las mujeres hacen m\u00e1s uso de la mensajer\u00eda instant\u00e1nea y las redes sociales mientras que los hombres abusan de los videojuegos e internet en general. Hemos hecho una encuesta para comprobar la validez de estos resultados en nuestro campus universitario, para saber qu\u00e9 resultado hemos obtenido \u00a1Pon la oreja! <span class=\"_3gl1 _5zz4\"><span class=\"_ncl\">\ud83d\udc42<\/span><\/span><\/p>\n<p>En <b>WTF! (13:55-18:38) <\/b>nos marcamos una especie de Gramola un tanto\u2026 Distinta. \u00bfConocemos los mensajes que ocultan algunas canciones s\u00faper conocidas?<\/p>\n<p>Salimos en busca de la pol\u00e9mica en <b>What (18:53-22:58) <\/b>al preguntaros, ni m\u00e1s ni menos, \u00bfqu\u00e9 es lo que m\u00e1s y lo que menos os gusta de la Universidad? Adelantamos que la mayor\u00eda est\u00e1 ya pensando en vacaciones.<\/p>\n<p>Para que no te pierdas nada, como siempre: <b>No te pierdas (23:06-25:29)<\/b>. Deportes, exposiciones, encuentros y por supuesto el Ciclo de Jazz que organiza el Contenedor Cultural. \u00bfTe lo vas a perder?<\/p>\n<p>Cerrando con <b>La Gramola (25:39-32:26) <\/b>os traemos una invitada especial: Roc\u00edo L\u00f3pez \u201cLa Boterita\u201d<span class=\"_3gl1 _5zz4\"><span class=\"_ncl\">\ud83d\ude0d<\/span><\/span>, estudiante de logopedia de la Universidad que nos hablar\u00e1 sobre su proyecto musical llamado \u201cEsper\u00e1ndote\u201d. Estamos seguros que os encantar\u00e1 tanto como a nosotros.<\/p>\n<p>Hasta aqu\u00ed el octavo programa de la temporada. \u00a1Recordad que la semana que viene nos vemos con la despedida!<\/p>\n","protected":false},"excerpt":{"rendered":"<p>Ir a descargar \u00a1Hola a todas y todos! Estamos en la recta final de la temporada 5 y lo que es lo mismo, \u00a1del curso acad\u00e9mico! Por eso tenemos una semana m\u00e1s un RadionaUMAs interesant\u00edsimo. Te contamos todo en nuestro micro-informativo sobre la Feria de Empleo (1:50-3:22) organizada como cada a\u00f1o en la UMA, con&#8230; <\/p>\n<div class=\"link-more\"><a href=\"http:\/\/comutopia.uma.es\/index.php\/2019\/05\/08\/radionaumas-t5-programa-8-08-05-2019\/\">Leer M\u00e1s<\/a><\/div>\n","protected":false},"author":1,"featured_media":2278,"comment_status":"open","ping_status":"open","sticky":false,"template":"","format":"standard","meta":{"spay_email":""},"categories":[16,36],"tags":[57,58,62,70,83,84,86,89,91,92,98],"jetpack_featured_media_url":"http:\/\/comutopia.uma.es\/wp-content\/uploads\/2019\/05\/naumas-8.jpg","_links":{"self":[{"href":"http:\/\/comutopia.uma.es\/index.php\/wp-json\/wp\/v2\/posts\/2277"}],"collection":[{"href":"http:\/\/comutopia.uma.es\/index.php\/wp-json\/wp\/v2\/posts"}],"about":[{"href":"http:\/\/comutopia.uma.es\/index.php\/wp-json\/wp\/v2\/types\/post"}],"author":[{"embeddable":true,"href":"http:\/\/comutopia.uma.es\/index.php\/wp-json\/wp\/v2\/users\/1"}],"replies":[{"embeddable":true,"href":"http:\/\/comutopia.uma.es\/index.php\/wp-json\/wp\/v2\/comments?post=2277"}],"version-history":[{"count":0,"href":"http:\/\/comutopia.uma.es\/index.php\/wp-json\/wp\/v2\/posts\/2277\/revisions"}],"wp:featuredmedia":[{"embeddable":true,"href":"http:\/\/comutopia.uma.es\/index.php\/wp-json\/wp\/v2\/media\/2278"}],"wp:attachment":[{"href":"http:\/\/comutopia.uma.es\/index.php\/wp-json\/wp\/v2\/media?parent=2277"}],"wp:term":[{"taxonomy":"category","embeddable":true,"href":"http:\/\/comutopia.uma.es\/index.php\/wp-json\/wp\/v2\/categories?post=2277"},{"taxonomy":"post_tag","embeddable":true,"href":"http:\/\/comutopia.uma.es\/index.php\/wp-json\/wp\/v2\/tags?post=2277"}],"curies":[{"name":"wp","href":"https:\/\/api.w.org\/{rel}","templated":true}]}}