{"id":2391,"date":"2019-05-16T14:48:06","date_gmt":"2019-05-16T12:48:06","guid":{"rendered":"https:\/\/comutopiartv.wordpress.com\/?p=2391"},"modified":"2019-09-05T18:11:31","modified_gmt":"2019-09-05T16:11:31","slug":"umabarbaridad-t5-programa-6-16-05-2019","status":"publish","type":"post","link":"http:\/\/comutopia.uma.es\/index.php\/2019\/05\/16\/umabarbaridad-t5-programa-6-16-05-2019\/","title":{"rendered":"UMABarbaridad T5 Programa 6 (16\/05\/2019)"},"content":{"rendered":"<!--[if lt IE 9]><script>document.createElement('audio');<\/script><![endif]-->\n<audio class=\"wp-audio-shortcode\" id=\"audio-2391-1\" preload=\"none\" style=\"width: 100%;\" controls=\"controls\"><source type=\"audio\/mpeg\" src=\"https:\/\/www.ivoox.com\/umabarbaridad-t5-programa-6-16-05-2019_md_35925861_wp_1.mp3?_=1\" \/><a href=\"https:\/\/www.ivoox.com\/umabarbaridad-t5-programa-6-16-05-2019_md_35925861_wp_1.mp3\">https:\/\/www.ivoox.com\/umabarbaridad-t5-programa-6-16-05-2019_md_35925861_wp_1.mp3<\/a><\/audio>\n<p>Ha llegado el momento de despedirnos\u2026 Una temporada m\u00e1s, y tras varios programas repletos de m\u00fasica, cine y cultura, nos toca decir adi\u00f3s hasta el pr\u00f3ximo curso. Como no queremos estar tristes en un d\u00eda tan especial, hemos preparado un programa final muy divertido que no dejar\u00e1 a nadie indiferente: solo os avisamos de que ha habido un golpe de Estado y Paloma L\u00f3pez ha sido relegada\u2026<\/p>\n<p>\u00bfQuer\u00e9is saber qu\u00e9 ha sucedido con ella y qui\u00e9n ha tomado el control? \u00a1Dadle al play y disfrutad del \u00faltimo UMABarbaridad!<\/p>\n<p>Comenzamos hablando de la 24\u00aa edici\u00f3n del Ciclo de Jazz que acoge la UMA un a\u00f1o m\u00e1s en el Contenedor Cultural \u00a1\u00c1lvaro Guerrero ha estado all\u00ed y nos cuenta c\u00f3mo se ha desarrollado el evento! (MIN 3:50)<\/p>\n<p>Nuestra compa\u00f1era Lola Montiel, que tambi\u00e9n acudi\u00f3 al Ciclo de Jazz, ha elaborado un reportaje donde nos habla de \u201cEst\u00e1 usted arrestado\u201d, uno de los homenajes que realiza el guitarrista Chema Saiz en esta nueva edici\u00f3n del festival (MIN 8:45)<\/p>\n<p>Como no pod\u00eda ser de otra manera, Javi Hinojosa nos trae todas las novedades, eventos y actividades culturales que se realizar\u00e1n en lo que queda de mes en la UMA: m\u00fasica, arte, cine, etc. \u00a1Os dejamos un breve adelanto! (MIN 10:58)<\/p>\n<p>Magdalena Garc\u00eda nos habla del Ciclo LGTBI, que tendr\u00e1 lugar el pr\u00f3ximo 21 de Mayo en el Contenedor Cultural. En \u00e9l, y entre otras proyecciones, se presenta \u201cThelma\u201d, un largometraje inspirado en la vida de una chica que inicia una relaci\u00f3n sentimental con una compa\u00f1era y siente c\u00f3mo sus emociones causadas por el amor provocan grandes estragos \u00bfOs lo vais a perder? (MIN 14:06)<\/p>\n<p>Finalmente, despedimos el programa de hoy con la cultuentrevista. Con motivo del tercer aniversario del Contenedor Cultural, tenemos el placer de contar con El Choj\u00edn, cabeza de cartel de la Traca Final que realizar\u00e1 un preestreno en exclusiva de su nuevo trabajo. Adem\u00e1s de hablarnos de su pr\u00f3xima actuaci\u00f3n en la Facultad de Medicina el 22 de Mayo, nos explica en qu\u00e9 consiste \u201cDesmontando Mitos\u201d, su opini\u00f3n de todo lo que est\u00e1 sucediendo en el panorama pol\u00edtico y de su faceta como escritor de ensayos, entre otros (MIN 17:15)<\/p>\n<p>\u00a1Much\u00edsimas gracias de parte de todo el equipo de UMABarbaridad a todos aquellos que nos hab\u00e9is acompa\u00f1ado una temporada m\u00e1s y hab\u00e9is hecho todo esto posible! \u00a1Sed felices!<\/p>\n<p><a title=\"UMABarbaridad T5 Programa 6 (16\/05\/2019)\" href=\"https:\/\/www.ivoox.com\/umabarbaridad-t5-programa-6-16-05-2019-audios-mp3_rf_35925861_1.html\">Ir a descargar&lt;\/a<\/a><\/p>\n","protected":false},"excerpt":{"rendered":"<p>Ha llegado el momento de despedirnos\u2026 Una temporada m\u00e1s, y tras varios programas repletos de m\u00fasica, cine y cultura, nos toca decir adi\u00f3s hasta el pr\u00f3ximo curso. Como no queremos estar tristes en un d\u00eda tan especial, hemos preparado un programa final muy divertido que no dejar\u00e1 a nadie indiferente: solo os avisamos de que&#8230; <\/p>\n<div class=\"link-more\"><a href=\"http:\/\/comutopia.uma.es\/index.php\/2019\/05\/16\/umabarbaridad-t5-programa-6-16-05-2019\/\">Leer M\u00e1s<\/a><\/div>\n","protected":false},"author":1,"featured_media":2392,"comment_status":"open","ping_status":"open","sticky":false,"template":"","format":"standard","meta":{"spay_email":""},"categories":[47],"tags":[],"jetpack_featured_media_url":"http:\/\/comutopia.uma.es\/wp-content\/uploads\/2019\/05\/whatsapp-image-2019-05-16-at-133208.jpg","_links":{"self":[{"href":"http:\/\/comutopia.uma.es\/index.php\/wp-json\/wp\/v2\/posts\/2391"}],"collection":[{"href":"http:\/\/comutopia.uma.es\/index.php\/wp-json\/wp\/v2\/posts"}],"about":[{"href":"http:\/\/comutopia.uma.es\/index.php\/wp-json\/wp\/v2\/types\/post"}],"author":[{"embeddable":true,"href":"http:\/\/comutopia.uma.es\/index.php\/wp-json\/wp\/v2\/users\/1"}],"replies":[{"embeddable":true,"href":"http:\/\/comutopia.uma.es\/index.php\/wp-json\/wp\/v2\/comments?post=2391"}],"version-history":[{"count":2,"href":"http:\/\/comutopia.uma.es\/index.php\/wp-json\/wp\/v2\/posts\/2391\/revisions"}],"predecessor-version":[{"id":2507,"href":"http:\/\/comutopia.uma.es\/index.php\/wp-json\/wp\/v2\/posts\/2391\/revisions\/2507"}],"wp:featuredmedia":[{"embeddable":true,"href":"http:\/\/comutopia.uma.es\/index.php\/wp-json\/wp\/v2\/media\/2392"}],"wp:attachment":[{"href":"http:\/\/comutopia.uma.es\/index.php\/wp-json\/wp\/v2\/media?parent=2391"}],"wp:term":[{"taxonomy":"category","embeddable":true,"href":"http:\/\/comutopia.uma.es\/index.php\/wp-json\/wp\/v2\/categories?post=2391"},{"taxonomy":"post_tag","embeddable":true,"href":"http:\/\/comutopia.uma.es\/index.php\/wp-json\/wp\/v2\/tags?post=2391"}],"curies":[{"name":"wp","href":"https:\/\/api.w.org\/{rel}","templated":true}]}}