{"id":2667,"date":"2019-12-18T16:14:52","date_gmt":"2019-12-18T15:14:52","guid":{"rendered":"http:\/\/comutopia.uma.es\/?p=2667"},"modified":"2020-01-08T15:20:05","modified_gmt":"2020-01-08T14:20:05","slug":"radionaumas-t6-programa-6-18-12-2019","status":"publish","type":"post","link":"http:\/\/comutopia.uma.es\/index.php\/2019\/12\/18\/radionaumas-t6-programa-6-18-12-2019\/","title":{"rendered":"RadionaUMAs T6 Programa 6 (18\/12\/2019)"},"content":{"rendered":"\n<iframe id=\"audio_45642276\" frameborder=\"0\" allowfullscreen=\"\" scrolling=\"no\" height=\"200\" style=\"border:1px solid #EEE; box-sizing:border-box; width:100%;\" src=\"https:\/\/www.ivoox.com\/player_ej_45642276_4_1.html?c1=ff6600\"><\/iframe>\n\n\n\n<p>\u00a1HOLA DE NUEVO RADIONAUMERS! Tenemos la Navidad ya encima y por eso hemos querido que nuestro programa de hoy tenga ese toque tan especial t\u00edpico de estas fechas. \u00a1HO HO HO! \ud83c\udf84\u2603\ud83c\udf85\ud83c\udffb.<\/p>\n\n\n\n<p>Antes de nada, comenzaremos con nuestro micro-informativo (02:11-08:20), en el que hablaremos sobre la inauguraci\u00f3n de una exposici\u00f3n fotogr\u00e1fica sobre la Catedral de M\u00e1laga del Vicerrectorado de Cultura de la UMA (02:16-03:22) \ud83d\udcf7\ud83d\uddbc. Adem\u00e1s, os informaremos sobre \u201cLa Casa Solar\u201d (05:43-07:05), un espacio de sostenibilidad del Smart Campus\ud83c\udfe0. Os contaremos todo sobre el premio radiof\u00f3nico Jim\u00e9nez Smerdou (03:29-05:42). En los deportes, volvemos a poner nuestra atenci\u00f3n en el equipo de f\u00fatbol sala UMA Antequera\u26bd\u26bd (07:09-08:20).&nbsp;&nbsp;<\/p>\n\n\n\n<p>Tras las noticias y meti\u00e9ndonos de lleno en un ambiente totalmente navide\u00f1o, tenemos la secci\u00f3n \u201c\u00bfQu\u00e9 se cuece en la UMA? (08:40-20:24). Nos hemos acercado a los alumnos de intercambio para preguntarles sobre c\u00f3mo viven la Navidad ellos en sus ciudades natales\ud83d\ude1c\ud83c\udf0d.<\/p>\n\n\n\n<p>Como siempre, tenemos nuestra secci\u00f3n m\u00e1s divertida: \u201cWTF\u201d (20:43-24:30) \ud83e\udd73. Parece que se han propuesto volvernos locos con tanto descontrol&#8230;Esta vez vienen llenos de ilusi\u00f3n para hablar sobre la carta a los Reyes Magos\ud83c\udf81.<\/p>\n\n\n\n<p>En \u201cWhat\u201d&nbsp; (24:38-29:08)\ud83c\udf99\ud83c\udf99, eres TU el que tiene la palabra, por lo que esta vez os acercamos los micros para que nos cont\u00e9is cuales son vuestros planes para estas navidades. \u00a1HAY DE TODO!<\/p>\n\n\n\n<p>En la secci\u00f3n \u201cNo te pierdas\u201d (29:20-32:25) haremos un repaso de las \u00faltimas actividades que hay programadas para lo que queda de a\u00f1o. \u00a1Vamos, sal de casa y aprovecha estos eventos! \ud83d\udcc6.<\/p>\n\n\n\n<p>Y para acabar de la mejor forma este \u00faltimo programa del a\u00f1o, tenemos \u201cLa Gramola\u201d (32:40-36:34). Nuestra secci\u00f3n m\u00e1s musical y donde esta vez con unos temazos alternativos para escuchar esta Nochevieja\ud83c\udfb6\ud83c\udfb5.&nbsp;<br>Y hasta aqu\u00ed el \u00faltimo programa de RadionaUMAs del a\u00f1o. Esperamos que lo hay\u00e1is disfrutado tanto como nosotros. Desde Comutop\u00eda os queremos desear <strong>FELICES FIESTAS Y FELIZ A\u00d1O NUEVO<\/strong>\ud83c\udf84<strong>.<\/strong> \u00a1Os esperamos a la vuelta!\ud83d\udc4b\ud83c\udffb\ud83d\ude18. <\/p>\n\n\n\n<p><\/p>\n","protected":false},"excerpt":{"rendered":"<p>\u00a1HOLA DE NUEVO RADIONAUMERS! Tenemos la Navidad ya encima y por eso hemos querido que nuestro programa de hoy tenga ese toque tan especial t\u00edpico de estas fechas. \u00a1HO HO HO! \ud83c\udf84\u2603\ud83c\udf85\ud83c\udffb. Antes de nada, comenzaremos con nuestro micro-informativo (02:11-08:20), en el que hablaremos sobre la inauguraci\u00f3n de una exposici\u00f3n fotogr\u00e1fica sobre la Catedral de&#8230; <\/p>\n<div class=\"link-more\"><a href=\"http:\/\/comutopia.uma.es\/index.php\/2019\/12\/18\/radionaumas-t6-programa-6-18-12-2019\/\">Leer M\u00e1s<\/a><\/div>\n","protected":false},"author":3,"featured_media":2668,"comment_status":"open","ping_status":"open","sticky":false,"template":"","format":"standard","meta":{"spay_email":""},"categories":[109],"tags":[],"jetpack_featured_media_url":"http:\/\/comutopia.uma.es\/wp-content\/uploads\/2019\/12\/foto-radionaumas.jpg","_links":{"self":[{"href":"http:\/\/comutopia.uma.es\/index.php\/wp-json\/wp\/v2\/posts\/2667"}],"collection":[{"href":"http:\/\/comutopia.uma.es\/index.php\/wp-json\/wp\/v2\/posts"}],"about":[{"href":"http:\/\/comutopia.uma.es\/index.php\/wp-json\/wp\/v2\/types\/post"}],"author":[{"embeddable":true,"href":"http:\/\/comutopia.uma.es\/index.php\/wp-json\/wp\/v2\/users\/3"}],"replies":[{"embeddable":true,"href":"http:\/\/comutopia.uma.es\/index.php\/wp-json\/wp\/v2\/comments?post=2667"}],"version-history":[{"count":3,"href":"http:\/\/comutopia.uma.es\/index.php\/wp-json\/wp\/v2\/posts\/2667\/revisions"}],"predecessor-version":[{"id":2694,"href":"http:\/\/comutopia.uma.es\/index.php\/wp-json\/wp\/v2\/posts\/2667\/revisions\/2694"}],"wp:featuredmedia":[{"embeddable":true,"href":"http:\/\/comutopia.uma.es\/index.php\/wp-json\/wp\/v2\/media\/2668"}],"wp:attachment":[{"href":"http:\/\/comutopia.uma.es\/index.php\/wp-json\/wp\/v2\/media?parent=2667"}],"wp:term":[{"taxonomy":"category","embeddable":true,"href":"http:\/\/comutopia.uma.es\/index.php\/wp-json\/wp\/v2\/categories?post=2667"},{"taxonomy":"post_tag","embeddable":true,"href":"http:\/\/comutopia.uma.es\/index.php\/wp-json\/wp\/v2\/tags?post=2667"}],"curies":[{"name":"wp","href":"https:\/\/api.w.org\/{rel}","templated":true}]}}