{"id":2671,"date":"2019-12-19T14:15:30","date_gmt":"2019-12-19T13:15:30","guid":{"rendered":"http:\/\/comutopia.uma.es\/?p=2671"},"modified":"2020-01-13T19:24:23","modified_gmt":"2020-01-13T18:24:23","slug":"umabarbaridad-t6-programa-4-19-12-2010","status":"publish","type":"post","link":"http:\/\/comutopia.uma.es\/index.php\/2019\/12\/19\/umabarbaridad-t6-programa-4-19-12-2010\/","title":{"rendered":"UMABarbaridad T6 Programa 4 (19\/12\/2010)"},"content":{"rendered":"\n<iframe id=\"audio_45670322\" frameborder=\"0\" allowfullscreen=\"\" scrolling=\"no\" height=\"200\" style=\"border:1px solid #EEE; box-sizing:border-box; width:100%;\" src=\"https:\/\/www.ivoox.com\/player_ej_45670322_4_1.html?c1=ff6600\"><\/iframe>\n\n\n\n<p> \u00a1UNA SEMANA M\u00c1S EN UMABARBARIDAD!<\/p>\n\n\n\n<p>Ya os traemos de vuelta vuestra sesi\u00f3n de podcast sobre cultura en este 4\u00ba episodio de UMABarbaridad, y es que El Contenedor Cultural cierra el a\u00f1o por todo lo alto, \u00a1te lo contamos ahora!<\/p>\n\n\n\n<p>En esta ocasi\u00f3n nos acompa\u00f1a <strong>Tecla Lumbreras<\/strong>, vicerrectora de Cultura y Deporte de la Universidad de M\u00e1laga y maestra de ceremonias del programa. Nos habla sobre <strong>el show de los 2000\u2019s<\/strong>, la nochevieja antes de la nochevieja y su balance del a\u00f1o. \ud83c\udf7e\ud83c\udf86\ud83c\udf47 <strong>(02:30)<\/strong><\/p>\n\n\n\n<p>Nuestra compa\u00f1era <strong>\u00c1gueda Valverde<\/strong> nos explica todo sobre el cierre de la proyecci\u00f3n de <strong>Goodbye Lenin<\/strong>, en el ciclo del <strong>Muro de Berl\u00edn. \ud83c\udfa5\ud83c\udf9e (19:03)<\/strong><\/p>\n\n\n\n<p><strong>Chelu Moya<\/strong> se pone a los micr\u00f3fonos para informarnos de todo lo que pas\u00f3 en <strong>\u201cMonstruo\u201d<\/strong>, un espect\u00e1culo de danza con tintes de performance. \ud83d\udc83\ud83d\udc4f <strong>(21:48)<\/strong><\/p>\n\n\n\n<p>Tambi\u00e9n contamos con <strong>Ana Seglar<\/strong>, que trae un reportaje sobre el conciertazo que dio el grupo de rock <strong>Medalla \u26a1\ufe0f\ud83e\udd1f (25:40)<\/strong><\/p>\n\n\n\n<p><strong>Guille Torres <\/strong>viene con todo lo que se cuece en nuestro Contenedor Cultural en la <strong>CultuAgenda<\/strong>. \ud83d\udcd3\ud83e\udde8 <strong>(29:05)<\/strong><\/p>\n\n\n\n<p>Y por \u00faltimo llega la encuesta con <strong>Rafa Cabello<\/strong>, donde os prestamos el micr\u00f3fono a los universitarios para que nos ayudeis a lidiar con el <strong>s\u00edndrome post-vacacional<\/strong>. \ud83d\ude89 \u2708\ufe0f\ud83c\udf86<strong>(33:19)<\/strong><\/p>\n\n\n\n<p>No os preocupeis si no aparecemos durante el par\u00f3n de Navidad, a la vuelta estaremos aqu\u00ed de nuevo con m\u00e1s novedades del Contenedor Cultural. \u00a1Que pas\u00e9is unas felices fiestas y nos vemos muy pronto!<\/p>\n","protected":false},"excerpt":{"rendered":"<p>\u00a1UNA SEMANA M\u00c1S EN UMABARBARIDAD! Ya os traemos de vuelta vuestra sesi\u00f3n de podcast sobre cultura en este 4\u00ba episodio de UMABarbaridad, y es que El Contenedor Cultural cierra el a\u00f1o por todo lo alto, \u00a1te lo contamos ahora! En esta ocasi\u00f3n nos acompa\u00f1a Tecla Lumbreras, vicerrectora de Cultura y Deporte de la Universidad de&#8230; <\/p>\n<div class=\"link-more\"><a href=\"http:\/\/comutopia.uma.es\/index.php\/2019\/12\/19\/umabarbaridad-t6-programa-4-19-12-2010\/\">Leer M\u00e1s<\/a><\/div>\n","protected":false},"author":3,"featured_media":2673,"comment_status":"open","ping_status":"open","sticky":false,"template":"","format":"image","meta":{"spay_email":""},"categories":[110],"tags":[],"jetpack_featured_media_url":"http:\/\/comutopia.uma.es\/wp-content\/uploads\/2019\/12\/WhatsApp-Image-2019-12-19-at-14.14.43.jpeg","_links":{"self":[{"href":"http:\/\/comutopia.uma.es\/index.php\/wp-json\/wp\/v2\/posts\/2671"}],"collection":[{"href":"http:\/\/comutopia.uma.es\/index.php\/wp-json\/wp\/v2\/posts"}],"about":[{"href":"http:\/\/comutopia.uma.es\/index.php\/wp-json\/wp\/v2\/types\/post"}],"author":[{"embeddable":true,"href":"http:\/\/comutopia.uma.es\/index.php\/wp-json\/wp\/v2\/users\/3"}],"replies":[{"embeddable":true,"href":"http:\/\/comutopia.uma.es\/index.php\/wp-json\/wp\/v2\/comments?post=2671"}],"version-history":[{"count":3,"href":"http:\/\/comutopia.uma.es\/index.php\/wp-json\/wp\/v2\/posts\/2671\/revisions"}],"predecessor-version":[{"id":2700,"href":"http:\/\/comutopia.uma.es\/index.php\/wp-json\/wp\/v2\/posts\/2671\/revisions\/2700"}],"wp:featuredmedia":[{"embeddable":true,"href":"http:\/\/comutopia.uma.es\/index.php\/wp-json\/wp\/v2\/media\/2673"}],"wp:attachment":[{"href":"http:\/\/comutopia.uma.es\/index.php\/wp-json\/wp\/v2\/media?parent=2671"}],"wp:term":[{"taxonomy":"category","embeddable":true,"href":"http:\/\/comutopia.uma.es\/index.php\/wp-json\/wp\/v2\/categories?post=2671"},{"taxonomy":"post_tag","embeddable":true,"href":"http:\/\/comutopia.uma.es\/index.php\/wp-json\/wp\/v2\/tags?post=2671"}],"curies":[{"name":"wp","href":"https:\/\/api.w.org\/{rel}","templated":true}]}}