{"id":2706,"date":"2020-01-16T17:05:02","date_gmt":"2020-01-16T16:05:02","guid":{"rendered":"http:\/\/comutopia.uma.es\/?p=2706"},"modified":"2020-01-16T17:31:15","modified_gmt":"2020-01-16T16:31:15","slug":"umabarbaridad-t6-programa-6-16-01-2020","status":"publish","type":"post","link":"http:\/\/comutopia.uma.es\/index.php\/2020\/01\/16\/umabarbaridad-t6-programa-6-16-01-2020\/","title":{"rendered":"UMABarbaridad T6 Programa 6 (16\/01\/2020)"},"content":{"rendered":"\n<iframe id=\"audio_46633901\" allowfullscreen=\"\" scrolling=\"no\" style=\"border:1px solid #EEE; box-sizing:border-box; width:100%;\" src=\"https:\/\/www.ivoox.com\/player_ej_46633901_4_1.html?c1=ff6600\" height=\"200\" frameborder=\"0\"><\/iframe>\n\n\n\n<p>\nYa lo tenemos aqu\u00ed: FINAL DE TEMPORADA DE UMABARBARIDAD!! \ud83c\udf89\ud83d\ude2d\ud83c\udf8a<\/p>\n\n\n\n<p>Comenzamos por todo lo alto con la cultu-entrevista a <strong>Carlos Moncada<\/strong> (02:07), periodista y escritor que ser\u00e1 quien presente el nuevo libro de los Kikes sobre <strong>Manu Chao: Ilegal, persiguiendo al clandestino<\/strong>. \ud83c\udfb6\ud83d\udcd5\ud83c\udf99\ufe0f<\/p>\n\n\n\n<p> <strong>Laura Vargas<\/strong> (14:11) participa por primera vez en este \u00faltimo programa  con un reportaje sobre el ciclo <strong>\u00abCine en la cabeza\u00bb<\/strong>, con LaMari de  Chambao como invitada especial. \ud83c\udfa5\ud83c\udf9e\ufe0f<\/p>\n\n\n\n<p>Seguimos con nuestro reportero<strong> Chelu Moya<\/strong> (18:13), que estuvo disfrutando de la obra de <strong>las hermanas Von Trier<\/strong> en el Contenedor Cultural. \ud83c\udfad\ud83d\udcd3<\/p>\n\n\n\n<p><strong>Ana Seglar<\/strong> (21:31) regresa con un reportaje que nos acerca a las artistas <strong>Miss Loopita y Roc\u00edo de Rolanda<\/strong>, que nos hicieron disfrutar de un variado repertorio. \ud83c\udfbc\ud83c\udfb8<\/p>\n\n\n\n<p>Como siempre contamos con el <strong>Gran Guille Torres<\/strong> (25:13), que nos trae la \u00faltima <strong>CultuAgenda<\/strong> de la temporada con toooodas las novedades y los eventos del Contenedor Cultural. \ud83e\uddbc\ud83e\udde0<\/p>\n\n\n\n<p>Y por \u00faltimo tenemos tambi\u00e9n la encuesta del programa con <strong>Rafa Cabello<\/strong> (35:29). Esta vez sobre los <strong>ex\u00e1menes finales<\/strong> y viene cargado de sorpresas. \ud83c\udfa4\ud83d\udcfb<\/p>\n\n\n\n<p>Esperamos que hay\u00e1is disfrutado de la temporada y nos vemos ya mismo con la s\u00e9ptima temporada, que nos relevar\u00e1n a partir del mes que viene. Pero, eh, no nos despidamos todav\u00eda, dale al play y disfruta del programa. \ud83d\udc49\ud83d\udca5\u25b6\ufe0f<\/p>\n","protected":false},"excerpt":{"rendered":"<p>Ya lo tenemos aqu\u00ed: FINAL DE TEMPORADA DE UMABARBARIDAD!! \ud83c\udf89\ud83d\ude2d\ud83c\udf8a Comenzamos por todo lo alto con la cultu-entrevista a Carlos Moncada (02:07), periodista y escritor que ser\u00e1 quien presente el nuevo libro de los Kikes sobre Manu Chao: Ilegal, persiguiendo al clandestino. \ud83c\udfb6\ud83d\udcd5\ud83c\udf99\ufe0f Laura Vargas (14:11) participa por primera vez en este \u00faltimo programa con&#8230; <\/p>\n<div class=\"link-more\"><a href=\"http:\/\/comutopia.uma.es\/index.php\/2020\/01\/16\/umabarbaridad-t6-programa-6-16-01-2020\/\">Leer M\u00e1s<\/a><\/div>\n","protected":false},"author":3,"featured_media":2707,"comment_status":"open","ping_status":"open","sticky":false,"template":"","format":"image","meta":{"spay_email":""},"categories":[110],"tags":[53],"jetpack_featured_media_url":"http:\/\/comutopia.uma.es\/wp-content\/uploads\/2020\/01\/WhatsApp-Image-2020-01-16-at-12.13.55.jpeg","_links":{"self":[{"href":"http:\/\/comutopia.uma.es\/index.php\/wp-json\/wp\/v2\/posts\/2706"}],"collection":[{"href":"http:\/\/comutopia.uma.es\/index.php\/wp-json\/wp\/v2\/posts"}],"about":[{"href":"http:\/\/comutopia.uma.es\/index.php\/wp-json\/wp\/v2\/types\/post"}],"author":[{"embeddable":true,"href":"http:\/\/comutopia.uma.es\/index.php\/wp-json\/wp\/v2\/users\/3"}],"replies":[{"embeddable":true,"href":"http:\/\/comutopia.uma.es\/index.php\/wp-json\/wp\/v2\/comments?post=2706"}],"version-history":[{"count":3,"href":"http:\/\/comutopia.uma.es\/index.php\/wp-json\/wp\/v2\/posts\/2706\/revisions"}],"predecessor-version":[{"id":2710,"href":"http:\/\/comutopia.uma.es\/index.php\/wp-json\/wp\/v2\/posts\/2706\/revisions\/2710"}],"wp:featuredmedia":[{"embeddable":true,"href":"http:\/\/comutopia.uma.es\/index.php\/wp-json\/wp\/v2\/media\/2707"}],"wp:attachment":[{"href":"http:\/\/comutopia.uma.es\/index.php\/wp-json\/wp\/v2\/media?parent=2706"}],"wp:term":[{"taxonomy":"category","embeddable":true,"href":"http:\/\/comutopia.uma.es\/index.php\/wp-json\/wp\/v2\/categories?post=2706"},{"taxonomy":"post_tag","embeddable":true,"href":"http:\/\/comutopia.uma.es\/index.php\/wp-json\/wp\/v2\/tags?post=2706"}],"curies":[{"name":"wp","href":"https:\/\/api.w.org\/{rel}","templated":true}]}}