{"id":2907,"date":"2020-05-08T13:55:46","date_gmt":"2020-05-08T11:55:46","guid":{"rendered":"http:\/\/comutopia.uma.es\/?p=2907"},"modified":"2020-05-19T12:28:35","modified_gmt":"2020-05-19T10:28:35","slug":"especial-comutovid-19-08-05-2020","status":"publish","type":"post","link":"http:\/\/comutopia.uma.es\/index.php\/2020\/05\/08\/especial-comutovid-19-08-05-2020\/","title":{"rendered":"Especial ComutoVid-19 T7 Programa 5 (08\/05\/2020)"},"content":{"rendered":"\n<p>Con toda la pena del mundo toca despedirnos. \ud83d\udc94 En circunstancias normales, esta despedida hubiera sido en el sal\u00f3n de actos de nuestra Facultad, vestidos de gala y realizando los Premios Comutop\u00eda y, aunque no ha sido posible, no quer\u00edamos marcharnos sin realizar algo especial. \ud83c\udf89 \u00a1Para ello, hemos creado nuestro \u00faltimo especial ComutoVid-19. Aqu\u00ed va el resumen! \ud83d\ude4c\ud83c\udffc\u2728<br><\/p>\n\n\n\n<p>(MIN 0:15 &#8211; 3:48) : V\u00eddeo resumen T6: \ud83d\uddde\ufe0f\ud83c\udfa5<\/p>\n\n\n\n<p>\u00bfC\u00f3mo \u00edbamos a olvidarnos de nuestros compa\u00f1eros de la temporada anterior? Ellos tambi\u00e9n merecen un reconocimiento al dif\u00edcil trabajo que realizaron sacando adelante una temporada con apenas 12 estudiantes. \u00a1Esperamos que este peque\u00f1o homenaje les guste y les traiga muchos recuerdos de su etapa por la radio-televisi\u00f3n universitaria! \ud83d\udc9e\ud83d\udc96<br><\/p>\n\n\n\n<p>(MIN 3:49 &#8211; 11:25) Compa\u00f1ero m\u00e1s solidario T6: \ud83d\udc69\ud83c\udffb\u200d\ud83e\udd1d\u200d\ud83d\udc68\ud83c\udffc\ud83d\udc69\ud83c\udffb\u200d\ud83e\udd1d\u200d\ud83d\udc68\ud83c\udffc\ud83d\udc69\ud83c\udffb\u200d\ud83e\udd1d\u200d\ud83d\udc68\ud83c\udffc<\/p>\n\n\n\n<p>Como ya es tradici\u00f3n en Comutop\u00eda, la solidaridad, el compa\u00f1erismo y la ayuda entre nosotros se premia y, aunque siempre es muy dif\u00edcil elegir, \u00a1ha habido un ganador! \ud83d\udc9c<br><\/p>\n\n\n\n<p>(MIN 11:26 &#8211; 14:40) V\u00eddeo resumen T7: \ud83d\udcfd\ufe0f\ud83c\udf99\ufe0f<\/p>\n\n\n\n<p>Es el turno de reconocer el trabajo de adaptaci\u00f3n que hemos realizado durante estos meses de confinamiento. Ha sido una temporada at\u00edpica, como todo, pero tambi\u00e9n una temporada \u00fanica de la que estamos muy orgullosos. \u00a1A nuestros compa\u00f1eros les sacar\u00e1 alguna lagrimilla! \ud83d\udc98\ud83d\udc9d<br><\/p>\n\n\n\n<p>(MIN 14:41 &#8211; 22:15) Compa\u00f1ero m\u00e1s solidario: \ud83d\udc69\ud83c\udffb\u200d\ud83e\udd1d\u200d\ud83d\udc68\ud83c\udffc\ud83d\udc69\ud83c\udffb\u200d\ud83e\udd1d\u200d\ud83d\udc68\ud83c\udffc\ud83d\udc69\ud83c\udffb\u200d\ud83e\udd1d\u200d\ud83d\udc68\ud83c\udffc<\/p>\n\n\n\n<p>En una temporada marcada por el compa\u00f1erismo y la ayuda ante las situaciones dif\u00edciles, nos ha costado profundamente elegir al compa\u00f1ero o compa\u00f1era m\u00e1s solidaria pero, al final, hemos conseguido decantarnos. \u00bfQuieres saber qui\u00e9n es? \ud83d\udc9c<br><\/p>\n\n\n\n<p>(MIN 22:16 &#8211; 27:34) V\u00eddeo de cierre: \ud83d\ude22<\/p>\n\n\n\n<p>Y para terminar, quer\u00edamos hacer un recorrido por lo que es y significa Comutop\u00eda RTV. Un medio universitario que sale siempre adelante gracias al esfuerzo de muchos estudiantes y&nbsp;<\/p>\n\n\n\n<p>al apoyo y coordinaci\u00f3n del equipo decanal y docente de la Facultad de Ciencias de la Comunicaci\u00f3n. \u00a1Esta radio-televisi\u00f3n ha significado mucho para nosotros y quer\u00edamos hacer nuestro particular homenaje! \ud83e\udd7a\ud83e\udd70<br><\/p>\n\n\n\n<p>\u00a1Y hasta aqu\u00ed ComutoVid-19! Esperamos haberos divertido, entretenido, informado y, sobre todo, haberos hecho desconectar durante un rato en esta cuarentena y confinamiento. Gracias por estar siempre ah\u00ed, os llevamos en el coraz\u00f3n. \u00a1Comparte y hasta siempre! \ud83d\udc96\ud83c\udf8a\u2764 #UMADondeT\u00faEst\u00e9s<br><\/p>\n\n\n\n<figure class=\"wp-block-embed-youtube aligncenter wp-block-embed is-type-video is-provider-youtube wp-embed-aspect-16-9 wp-has-aspect-ratio\"><div class=\"wp-block-embed__wrapper\">\n<iframe loading=\"lazy\" title=\"ComutoVid-19 Especial Premios Comutop\u00eda\" width=\"1000\" height=\"563\" src=\"https:\/\/www.youtube.com\/embed\/Wo2SmPKXo-A?feature=oembed\" frameborder=\"0\" allow=\"accelerometer; autoplay; encrypted-media; gyroscope; picture-in-picture\" allowfullscreen><\/iframe>\n<\/div><\/figure>\n","protected":false},"excerpt":{"rendered":"<p>Con toda la pena del mundo toca despedirnos. \ud83d\udc94 En circunstancias normales, esta despedida hubiera sido en el sal\u00f3n de actos de nuestra Facultad, vestidos de gala y realizando los Premios Comutop\u00eda y, aunque no ha sido posible, no quer\u00edamos marcharnos sin realizar algo especial. \ud83c\udf89 \u00a1Para ello, hemos creado nuestro \u00faltimo especial ComutoVid-19. Aqu\u00ed&#8230; <\/p>\n<div class=\"link-more\"><a href=\"http:\/\/comutopia.uma.es\/index.php\/2020\/05\/08\/especial-comutovid-19-08-05-2020\/\">Leer M\u00e1s<\/a><\/div>\n","protected":false},"author":3,"featured_media":2909,"comment_status":"open","ping_status":"open","sticky":false,"template":"","format":"standard","meta":{"spay_email":""},"categories":[157,1],"tags":[203,202,53,206,201,58,204,115,151,125],"jetpack_featured_media_url":"http:\/\/comutopia.uma.es\/wp-content\/uploads\/2020\/05\/premios-comutopia-wordpress.png","_links":{"self":[{"href":"http:\/\/comutopia.uma.es\/index.php\/wp-json\/wp\/v2\/posts\/2907"}],"collection":[{"href":"http:\/\/comutopia.uma.es\/index.php\/wp-json\/wp\/v2\/posts"}],"about":[{"href":"http:\/\/comutopia.uma.es\/index.php\/wp-json\/wp\/v2\/types\/post"}],"author":[{"embeddable":true,"href":"http:\/\/comutopia.uma.es\/index.php\/wp-json\/wp\/v2\/users\/3"}],"replies":[{"embeddable":true,"href":"http:\/\/comutopia.uma.es\/index.php\/wp-json\/wp\/v2\/comments?post=2907"}],"version-history":[{"count":3,"href":"http:\/\/comutopia.uma.es\/index.php\/wp-json\/wp\/v2\/posts\/2907\/revisions"}],"predecessor-version":[{"id":2950,"href":"http:\/\/comutopia.uma.es\/index.php\/wp-json\/wp\/v2\/posts\/2907\/revisions\/2950"}],"wp:featuredmedia":[{"embeddable":true,"href":"http:\/\/comutopia.uma.es\/index.php\/wp-json\/wp\/v2\/media\/2909"}],"wp:attachment":[{"href":"http:\/\/comutopia.uma.es\/index.php\/wp-json\/wp\/v2\/media?parent=2907"}],"wp:term":[{"taxonomy":"category","embeddable":true,"href":"http:\/\/comutopia.uma.es\/index.php\/wp-json\/wp\/v2\/categories?post=2907"},{"taxonomy":"post_tag","embeddable":true,"href":"http:\/\/comutopia.uma.es\/index.php\/wp-json\/wp\/v2\/tags?post=2907"}],"curies":[{"name":"wp","href":"https:\/\/api.w.org\/{rel}","templated":true}]}}