{"id":3426,"date":"2021-03-17T15:12:12","date_gmt":"2021-03-17T14:12:12","guid":{"rendered":"http:\/\/comutopia.uma.es\/?p=3426"},"modified":"2021-03-24T15:45:57","modified_gmt":"2021-03-24T14:45:57","slug":"radionaumas-t10-programa-4-17-03-2021","status":"publish","type":"post","link":"http:\/\/comutopia.uma.es\/index.php\/2021\/03\/17\/radionaumas-t10-programa-4-17-03-2021\/","title":{"rendered":"RadionaUMAs T10 Programa 4  (17\/03\/2021)"},"content":{"rendered":"\n<iframe id=\"audio_66996422\" frameborder=\"0\" allowfullscreen=\"\" scrolling=\"no\" height=\"200\" style=\"width:100%;\" src=\"https:\/\/www.ivoox.com\/player_ej_66996422_6_1.html\"><\/iframe>\n\n\n\n<p>\u00a1Hey! \u00a1Como est\u00e1is Radionaumers! \u00a1Ya estamos aqu\u00ed con un nuevo programa de Radionaumas!<\/p>\n\n\n\n<p class=\"has-text-align-justify\">(2:40) Esta semana tenemos un mont\u00f3n de cositas preparadas.&nbsp; Empezaremos con nuestro microinformativo, en el que daremos informaci\u00f3n sobre los Cursos De Primavera 2021 de la FGUMA, la nueva infraestructura de la UMA para el diagn\u00f3stico y tratamiento del c\u00e1ncer, y de la investigaci\u00f3n \ud83d\udd2cpara conseguir eventos deportivos m\u00e1s seguros frente al Covid-19.\ud83d\ude37 Nos informar\u00e1n nuestras compa\u00f1eras Paula Barrionuevo, Ana Monta\u00f1o, y nuestro compa\u00f1ero Julian Torres.<\/p>\n\n\n\n<p class=\"has-text-align-justify\">(9:50) Hoy, en el \u201c\u00bfQu\u00e9 se cuece en la UMA?\u201d<strong>\ud83e\udd14<\/strong>, vamos a entrevistar\ud83d\udde8 a Miguel \u00c1ngel S\u00e1nchez, presidente del Consejo de Estudiantes de la Universidad de M\u00e1laga y miembro del Consejo de Estudiantes Universitario del Estado; y a Noelia Quintana Mart\u00ednez, integrante del consejo de estudiantes de la Facultad de Ciencias de la Comunicaci\u00f3n. Con ellos vamos a hablar del hipot\u00e9tico regreso a las aulas\ud83d\udcda y de otros temas importantes para los estudiantes de la comunidad universitaria.<\/p>\n\n\n\n<p class=\"has-text-align-justify\">Nuestros amigos del WTF (21:50) han dicho que esta semana lo tienen todo listo para limpiar\ud83e\uddfc\ud83e\uddf9 el estudio de radio de malas vibraciones. No sabemos a qu\u00e9 se refieren, pero estar\u00e1n con nosotros, como siempre, Ana Rodr\u00edguez, Eduardo Pend\u00f3n y Alberto Robles. Y en el&nbsp; WHAT!?\ud83d\ude31 (27:47) Pablo \u00c1lvarez os preguntar\u00e1 qu\u00e9 planes ten\u00e9is para esta semana santa tan extra\u00f1a.&nbsp;<\/p>\n\n\n\n<p class=\"has-text-align-justify\">Terminaremos a lo grande, como siempre, con la agenda en el No te pierdas\ud83d\udc40 (31:27) y La Gramola. Hoy, nuestra compa\u00f1era Mar\u00eda del Mar Rueda ha preparado una secci\u00f3n centrada en los musicales (34:45) \ud83c\udfb5\ud83c\udfb6 y nos ense\u00f1ar\u00e1 algunos de los m\u00e1s incre\u00edbles. Y en nuestra sala de m\u00e1quinas, como siempre, tenemos a Gabriel Gonzalez en control\ud83c\udf9b, y Regina Pinto en la direcci\u00f3n&#8230; \u00a1Arrancamos Radionaumas!<\/p>\n\n\n\n<p><\/p>\n","protected":false},"excerpt":{"rendered":"<p>\u00a1Hey! \u00a1Como est\u00e1is Radionaumers! \u00a1Ya estamos aqu\u00ed con un nuevo programa de Radionaumas! (2:40) Esta semana tenemos un mont\u00f3n de cositas preparadas.&nbsp; Empezaremos con nuestro microinformativo, en el que daremos informaci\u00f3n sobre los Cursos De Primavera 2021 de la FGUMA, la nueva infraestructura de la UMA para el diagn\u00f3stico y tratamiento del c\u00e1ncer, y de&#8230; <\/p>\n<div class=\"link-more\"><a href=\"http:\/\/comutopia.uma.es\/index.php\/2021\/03\/17\/radionaumas-t10-programa-4-17-03-2021\/\">Leer M\u00e1s<\/a><\/div>\n","protected":false},"author":3,"featured_media":3428,"comment_status":"open","ping_status":"open","sticky":false,"template":"","format":"image","meta":{"spay_email":""},"categories":[468],"tags":[356,516,518,515,477,517,87,118,129],"jetpack_featured_media_url":"http:\/\/comutopia.uma.es\/wp-content\/uploads\/2021\/03\/WORDPRESS-NOBMRES-BIEN-JPEG.jpg","_links":{"self":[{"href":"http:\/\/comutopia.uma.es\/index.php\/wp-json\/wp\/v2\/posts\/3426"}],"collection":[{"href":"http:\/\/comutopia.uma.es\/index.php\/wp-json\/wp\/v2\/posts"}],"about":[{"href":"http:\/\/comutopia.uma.es\/index.php\/wp-json\/wp\/v2\/types\/post"}],"author":[{"embeddable":true,"href":"http:\/\/comutopia.uma.es\/index.php\/wp-json\/wp\/v2\/users\/3"}],"replies":[{"embeddable":true,"href":"http:\/\/comutopia.uma.es\/index.php\/wp-json\/wp\/v2\/comments?post=3426"}],"version-history":[{"count":3,"href":"http:\/\/comutopia.uma.es\/index.php\/wp-json\/wp\/v2\/posts\/3426\/revisions"}],"predecessor-version":[{"id":3448,"href":"http:\/\/comutopia.uma.es\/index.php\/wp-json\/wp\/v2\/posts\/3426\/revisions\/3448"}],"wp:featuredmedia":[{"embeddable":true,"href":"http:\/\/comutopia.uma.es\/index.php\/wp-json\/wp\/v2\/media\/3428"}],"wp:attachment":[{"href":"http:\/\/comutopia.uma.es\/index.php\/wp-json\/wp\/v2\/media?parent=3426"}],"wp:term":[{"taxonomy":"category","embeddable":true,"href":"http:\/\/comutopia.uma.es\/index.php\/wp-json\/wp\/v2\/categories?post=3426"},{"taxonomy":"post_tag","embeddable":true,"href":"http:\/\/comutopia.uma.es\/index.php\/wp-json\/wp\/v2\/tags?post=3426"}],"curies":[{"name":"wp","href":"https:\/\/api.w.org\/{rel}","templated":true}]}}