{"id":3445,"date":"2021-03-24T15:45:21","date_gmt":"2021-03-24T14:45:21","guid":{"rendered":"http:\/\/comutopia.uma.es\/?p=3445"},"modified":"2021-04-07T14:44:18","modified_gmt":"2021-04-07T12:44:18","slug":"radionaumas-t10-programa-5-24-03-2021","status":"publish","type":"post","link":"http:\/\/comutopia.uma.es\/index.php\/2021\/03\/24\/radionaumas-t10-programa-5-24-03-2021\/","title":{"rendered":"RadionaUMAs T10 Programa 5  (24\/03\/2021)"},"content":{"rendered":"\n<iframe id=\"audio_67346098\" frameborder=\"0\" allowfullscreen=\"\" scrolling=\"no\" height=\"200\" style=\"width:100%;\" src=\"https:\/\/www.ivoox.com\/player_ej_67346098_6_1.html\"><\/iframe>\n\n\n\n<p class=\"has-text-align-justify\">\u00a1Hey! \u00a1Como est\u00e1is Radionaumers! \u00a1Aqu\u00ed estamos, una semana m\u00e1s, con un nuevo programa de Radionaumas!<\/p>\n\n\n\n<p class=\"has-text-align-justify\">Empezaremos, como siempre, con nuestro <strong>microinformativo<\/strong>, (2:20) en el que hablaremos de las Primeras Jornadas Alumnae de la Universidad de M\u00e1laga, la identificaci\u00f3n por parte de cient\u00edficos de la UMA del gen esencial para regular la maduraci\u00f3n de la fresa\ud83c\udf53, y terminaremos con los deportes hablando del inicio de la competici\u00f3n de atletismo online\ud83e\udd3e\u200d\u2640\ufe0f. Nos informar\u00e1n nuestras compa\u00f1eras Marta Becerra y Laura Bravo.<\/p>\n\n\n\n<p class=\"has-text-align-justify\">Hoy, en el \u201c<strong>\u00bfQu\u00e9 se cuece en la UMA?<\/strong>\u201d\ud83e\udd14, (8:44) tendremos a tres de los creadores de la Webserie \u201cCocoon Cake\u201d. Estos son Asier Tro, Alex del Arco y Pablo \u00e1lvarez. Nos hablar\u00e1n de c\u00f3mo la realizaron, las dificultades que tuvieron, y nos comentar\u00e1n an\u00e9cdotas y sensaciones de lo que es rodar un proyecto de este tipo.<\/p>\n\n\n\n<p class=\"has-text-align-justify\">Como siempre, Ana Rodr\u00edguez, Eduardo Pend\u00f3n y Alberto Robles, llegar\u00e1n con la secci\u00f3n del <strong>WTF\ud83d\ude31 <\/strong>(21:40). Por lo que han comentado en la redacci\u00f3n, han preparado una serie de consejos publicitarios que van a cambiar nuestra vida para siempre\u2026 o eso dicen. Y en el&nbsp; <strong>WHAT!?<\/strong> (27:14) Pablo \u00c1lvarez os preguntar\u00e1 sobre vuestra opini\u00f3n en relaci\u00f3n al hipot\u00e9tico regreso a la presencialidad. \ud83d\udcda\ud83d\udcd6\ud83d\udcdd<\/p>\n\n\n\n<p class=\"has-text-align-justify\"><br>Terminaremos como siempre, a lo grande, con la agenda en el <strong>No te pierdas<\/strong> y <strong>La Gramola\ud83c\udfb5\ud83c\udfb6 <\/strong>(32:30). Nuestra compa\u00f1era Mar\u00eda del Mar Rueda nos va a presentar a j\u00f3venes artistas espa\u00f1oles que est\u00e1n ocupando altos n\u00fameros en las listas de lo m\u00e1s escuchado. Y en nuestra sala de m\u00e1quinas tendremos a Iv\u00e1n Fern\u00e1ndez gestionando el directo de YouTube, a Gabriel Gonzalez en control\ud83c\udf9b, y Regina Pinto en la direcci\u00f3n&#8230; \u00a1Arrancamos Radionaumas!<\/p>\n","protected":false},"excerpt":{"rendered":"<p>\u00a1Hey! \u00a1Como est\u00e1is Radionaumers! \u00a1Aqu\u00ed estamos, una semana m\u00e1s, con un nuevo programa de Radionaumas! Empezaremos, como siempre, con nuestro microinformativo, (2:20) en el que hablaremos de las Primeras Jornadas Alumnae de la Universidad de M\u00e1laga, la identificaci\u00f3n por parte de cient\u00edficos de la UMA del gen esencial para regular la maduraci\u00f3n de la fresa\ud83c\udf53,&#8230; <\/p>\n<div class=\"link-more\"><a href=\"http:\/\/comutopia.uma.es\/index.php\/2021\/03\/24\/radionaumas-t10-programa-5-24-03-2021\/\">Leer M\u00e1s<\/a><\/div>\n","protected":false},"author":3,"featured_media":3446,"comment_status":"open","ping_status":"open","sticky":false,"template":"","format":"image","meta":{"spay_email":""},"categories":[468],"tags":[541,546,477,542,118,335,129],"jetpack_featured_media_url":"http:\/\/comutopia.uma.es\/wp-content\/uploads\/2021\/03\/Wordpress-1.jpg","_links":{"self":[{"href":"http:\/\/comutopia.uma.es\/index.php\/wp-json\/wp\/v2\/posts\/3445"}],"collection":[{"href":"http:\/\/comutopia.uma.es\/index.php\/wp-json\/wp\/v2\/posts"}],"about":[{"href":"http:\/\/comutopia.uma.es\/index.php\/wp-json\/wp\/v2\/types\/post"}],"author":[{"embeddable":true,"href":"http:\/\/comutopia.uma.es\/index.php\/wp-json\/wp\/v2\/users\/3"}],"replies":[{"embeddable":true,"href":"http:\/\/comutopia.uma.es\/index.php\/wp-json\/wp\/v2\/comments?post=3445"}],"version-history":[{"count":2,"href":"http:\/\/comutopia.uma.es\/index.php\/wp-json\/wp\/v2\/posts\/3445\/revisions"}],"predecessor-version":[{"id":3449,"href":"http:\/\/comutopia.uma.es\/index.php\/wp-json\/wp\/v2\/posts\/3445\/revisions\/3449"}],"wp:featuredmedia":[{"embeddable":true,"href":"http:\/\/comutopia.uma.es\/index.php\/wp-json\/wp\/v2\/media\/3446"}],"wp:attachment":[{"href":"http:\/\/comutopia.uma.es\/index.php\/wp-json\/wp\/v2\/media?parent=3445"}],"wp:term":[{"taxonomy":"category","embeddable":true,"href":"http:\/\/comutopia.uma.es\/index.php\/wp-json\/wp\/v2\/categories?post=3445"},{"taxonomy":"post_tag","embeddable":true,"href":"http:\/\/comutopia.uma.es\/index.php\/wp-json\/wp\/v2\/tags?post=3445"}],"curies":[{"name":"wp","href":"https:\/\/api.w.org\/{rel}","templated":true}]}}