{"id":3475,"date":"2021-04-13T15:27:10","date_gmt":"2021-04-13T13:27:10","guid":{"rendered":"http:\/\/comutopia.uma.es\/?p=3475"},"modified":"2021-04-21T15:19:33","modified_gmt":"2021-04-21T13:19:33","slug":"umabarbaridad-tv-t10-programa-5-13-04-2021","status":"publish","type":"post","link":"http:\/\/comutopia.uma.es\/index.php\/2021\/04\/13\/umabarbaridad-tv-t10-programa-5-13-04-2021\/","title":{"rendered":"UMABarbaridad TV T10 Programa 5 (13\/04\/2021)"},"content":{"rendered":"\n<p class=\"has-text-align-justify\">\u00a1Nuevo UMABarbaridad TV! Hoy nos adentramos en el ciclo \u2018\u2019Cine en la Cabeza\u2019\u2019 de la mano de Rafatal\ud83c\udfac\ud83c\udf7f<\/p>\n\n\n\n<p class=\"has-text-align-justify\">El Contenedor Cultural acoge por cuarto a\u00f1o consecutivo este ciclo en el que podremos indagar en el subconsciente cinematogr\u00e1fico de artistas como la cantautora Julia Mart\u00edn\ud83c\udfa4, la actriz Laura Baena\ud83c\udf9e\ufe0f, el fot\u00f3grafo Vicente Holgado\ud83d\udcf7 o el artista polifac\u00e9tico Ignacio Nacho.<\/p>\n\n\n\n<p class=\"has-text-align-justify\">Hoy en UMAbarbaridad TV&nbsp; hablamos con Julia Mart\u00edn, cantante, compositora, y actriz malague\u00f1a a&nbsp; la que pudimos conocer un poco m\u00e1s tras el visionado de E.T El Extraterrestre.<\/p>\n\n\n\n<p class=\"has-text-align-justify\">\u00a1Dale al play!&nbsp; \u25b6\ufe0f \ud83d\udc47\ud83c\udffc<\/p>\n\n\n\n<figure class=\"wp-block-embed-youtube wp-block-embed is-type-video is-provider-youtube wp-embed-aspect-16-9 wp-has-aspect-ratio\"><div class=\"wp-block-embed__wrapper\">\n<iframe loading=\"lazy\" title=\"UMABARBARIDAD TV T10 PROGRAMA 5 (13\/04\/2021)\" width=\"1000\" height=\"563\" src=\"https:\/\/www.youtube.com\/embed\/EWyOaZPg59o?feature=oembed\" frameborder=\"0\" allow=\"accelerometer; autoplay; clipboard-write; encrypted-media; gyroscope; picture-in-picture\" allowfullscreen><\/iframe>\n<\/div><\/figure>\n","protected":false},"excerpt":{"rendered":"<p>\u00a1Nuevo UMABarbaridad TV! Hoy nos adentramos en el ciclo \u2018\u2019Cine en la Cabeza\u2019\u2019 de la mano de Rafatal\ud83c\udfac\ud83c\udf7f El Contenedor Cultural acoge por cuarto a\u00f1o consecutivo este ciclo en el que podremos indagar en el subconsciente cinematogr\u00e1fico de artistas como la cantautora Julia Mart\u00edn\ud83c\udfa4, la actriz Laura Baena\ud83c\udf9e\ufe0f, el fot\u00f3grafo Vicente Holgado\ud83d\udcf7 o el artista&#8230; <\/p>\n<div class=\"link-more\"><a href=\"http:\/\/comutopia.uma.es\/index.php\/2021\/04\/13\/umabarbaridad-tv-t10-programa-5-13-04-2021\/\">Leer M\u00e1s<\/a><\/div>\n","protected":false},"author":3,"featured_media":3476,"comment_status":"open","ping_status":"open","sticky":false,"template":"","format":"image","meta":{"spay_email":""},"categories":[465],"tags":[63,574,70,579,577,578,118],"jetpack_featured_media_url":"http:\/\/comutopia.uma.es\/wp-content\/uploads\/2021\/04\/Wordpress-16.jpg","_links":{"self":[{"href":"http:\/\/comutopia.uma.es\/index.php\/wp-json\/wp\/v2\/posts\/3475"}],"collection":[{"href":"http:\/\/comutopia.uma.es\/index.php\/wp-json\/wp\/v2\/posts"}],"about":[{"href":"http:\/\/comutopia.uma.es\/index.php\/wp-json\/wp\/v2\/types\/post"}],"author":[{"embeddable":true,"href":"http:\/\/comutopia.uma.es\/index.php\/wp-json\/wp\/v2\/users\/3"}],"replies":[{"embeddable":true,"href":"http:\/\/comutopia.uma.es\/index.php\/wp-json\/wp\/v2\/comments?post=3475"}],"version-history":[{"count":5,"href":"http:\/\/comutopia.uma.es\/index.php\/wp-json\/wp\/v2\/posts\/3475\/revisions"}],"predecessor-version":[{"id":3507,"href":"http:\/\/comutopia.uma.es\/index.php\/wp-json\/wp\/v2\/posts\/3475\/revisions\/3507"}],"wp:featuredmedia":[{"embeddable":true,"href":"http:\/\/comutopia.uma.es\/index.php\/wp-json\/wp\/v2\/media\/3476"}],"wp:attachment":[{"href":"http:\/\/comutopia.uma.es\/index.php\/wp-json\/wp\/v2\/media?parent=3475"}],"wp:term":[{"taxonomy":"category","embeddable":true,"href":"http:\/\/comutopia.uma.es\/index.php\/wp-json\/wp\/v2\/categories?post=3475"},{"taxonomy":"post_tag","embeddable":true,"href":"http:\/\/comutopia.uma.es\/index.php\/wp-json\/wp\/v2\/tags?post=3475"}],"curies":[{"name":"wp","href":"https:\/\/api.w.org\/{rel}","templated":true}]}}