{"id":3498,"date":"2021-04-16T16:00:52","date_gmt":"2021-04-16T14:00:52","guid":{"rendered":"http:\/\/comutopia.uma.es\/?p=3498"},"modified":"2021-04-23T15:29:23","modified_gmt":"2021-04-23T13:29:23","slug":"infocomutopia-t10-programa-5-16-04-2021","status":"publish","type":"post","link":"http:\/\/comutopia.uma.es\/index.php\/2021\/04\/16\/infocomutopia-t10-programa-5-16-04-2021\/","title":{"rendered":"InfoComutop\u00eda T10 Programa 5  (16\/04\/2021)"},"content":{"rendered":"\n<p class=\"has-text-align-justify\">Bienvenidos y bienvenidas a InfoComutop\u00eda\ud83d\udcfa, el informativo semanal universitario que se realiza desde la Facultad de Ciencias de la Comunicaci\u00f3n de la Universidad de M\u00e1laga. Este es el resumen de las noticias m\u00e1s importantes de la semana:<\/p>\n\n\n\n<p><strong>(00:56) NUEVA AYUDA PARA ESTUDIANTES CON HIJOS UMA \ud83d\udc68\u200d\ud83d\udc68\u200d\ud83d\udc67\u200d\ud83d\udc66<\/strong><\/p>\n\n\n\n<p class=\"has-text-align-justify\">Con nuevas instalaciones y como no, medidas sanitarias, esta escuela, que forma parte de los mejores centros de educaci\u00f3n infantil de Andaluc\u00eda, contin\u00faa trabajando para ayudar a la comunidad universitaria a conciliar.&nbsp;&nbsp;&nbsp;<\/p>\n\n\n\n<p><strong>(02:55) CALCULADORA DE MELANINA <\/strong><strong>\ud83d\udda9&nbsp;<\/strong><\/p>\n\n\n\n<p class=\"has-text-align-justify\">\u00bfPueden los dispositivos electr\u00f3nicos que desprenden luz producir un envejecimiento prematuro de nuestra piel? Los investigadores de la Universidad de M\u00e1laga tienen la respuesta a esta pregunta y han desarrollado una nueva herramienta que ser\u00e1 capaz de ofrecer informaci\u00f3n sobre la pigmentaci\u00f3n cut\u00e1nea que produce la exposici\u00f3n a la luz azul.&nbsp;<\/p>\n\n\n\n<p><strong>(06:04) NUEVO LABORATORIO INVESTIGACI\u00d3N INTELIGENCIA ARTIFICIAL \ud83d\udd2c<\/strong><\/p>\n\n\n\n<p class=\"has-text-align-justify\">La UMA dispone de un nuevo laboratorio para la investigaci\u00f3n en inteligencia artificial situado en el edificio de Bioinnovaci\u00f3n. Se trata de un equipamiento cient\u00edfico \u00fanico en Espa\u00f1a y pasa a formar parte del resto de potencia computacional de la Universidad de M\u00e1laga.<\/p>\n\n\n\n<p><strong>(08:34) I JORNADAS<\/strong> <strong>IBN GABIROL<\/strong><\/p>\n\n\n\n<p class=\"has-text-align-justify\">En este 2021 se cumplen mil a\u00f1os desde el nacimiento de Ibn Gabirol, el m\u00e1ximo representante de la filosof\u00eda jud\u00eda en Espa\u00f1a y el m\u00e1s influyente pensador y poeta medieval hebreo del siglo veintiuno\ud83d\udcda, la semana que viene se realizan las primeras jornadas que llevan su nombre.&nbsp;<\/p>\n\n\n\n<p><strong>(09:13) JORNADAS DE PUERTAS ABIERTAS VIRTUALES<\/strong><\/p>\n\n\n\n<p class=\"has-text-align-justify\">Del 21 al 23&nbsp; de abril se celebrar\u00e1n las Jornadas de Puertas Abiertas virtuales de la Universidad de M\u00e1laga. Debido a la situaci\u00f3n sanitaria,&nbsp; este a\u00f1o se&nbsp; ha organizado un pabell\u00f3n virtual y un programa de videoconferencias que los futuros universitarios y universitarias podr\u00e1n visitar online.\ud83d\udeaa\ud83d\udcf3&nbsp;&nbsp;<\/p>\n\n\n\n<p><strong>(10:04) EL UMA ANTEQUERA LUCHA&nbsp; PARA QUEDARSE EN PRIMERA<\/strong><\/p>\n\n\n\n<p class=\"has-text-align-justify\">El Besoccer UMA Antequera afronta una nueva jornada con la ilusi\u00f3n de volver a reencontrarse con los tres puntos, ahora m\u00e1s necesarios que nunca. Tras la derrota por tres a cero ante el C\u00f3rdoba F\u00fatsal,siguen luchando. \u26bd\ud83c\udfc3\u200d\u2642\ufe0f<\/p>\n\n\n\n<p><strong>(11:52) ADIESTRAMIENTO CANINO CO\u00cdN: LA TERAPIA CON PERROS FUNCIONA&nbsp;<\/strong><\/p>\n\n\n\n<p class=\"has-text-align-justify\">Nos trasladamos ahora hacia el interior de la provincia donde la Asociaci\u00f3n Adiestramiento Canino Co\u00edn, es pionera en el uso de intervenciones asistidas con perros para ayudar a ni\u00f1os y ni\u00f1as con diversidad funcional, personas mayores y colectivos desfavorecidos<strong>\ud83e\uddae <\/strong>. Hoy dedicamos un reportaje a los beneficios terap\u00e9uticos que nacen de la interacci\u00f3n entre los canes&nbsp; y las personas.<\/p>\n\n\n\n<p><strong>(14:40) OYE, ESCUCHA REIVINDICA LOS PROBLEMAS DE LAS PERSONAS SORDAS \ud83e\uddbb\ud83c\udffb&nbsp;<\/strong><\/p>\n\n\n\n<p class=\"has-text-align-justify\">El actor Antonio Zafra ha pasado por el Contenedor Cultural de la UMA con un objetivo: contar con tono ir\u00f3nico y desenfadado, su experiencia de vivir sin apenas percibir sonido. El autor nos&nbsp; muestra las dificultades de estas personas al intentar desarrollar su vida, en una obra&nbsp; que se titula&nbsp; \u201cOye, escucha\u201d.<\/p>\n\n\n\n<p><strong>(17:15) EFECTO MARIPOSA ESTRENA SINGLE<\/strong><\/p>\n\n\n\n<p class=\"has-text-align-justify\">Efecto Mariposa, que sacaba un nuevo single \ud83c\udfb6el pasado d\u00eda 24 titulado \u201cMi parte Emocional\u201d, ha pasado por los micr\u00f3fonos\ud83c\udf99\ufe0fde Comutop\u00eda Radio. Los compa\u00f1eros y compa\u00f1eras de RadionaUMAs&nbsp; han aprovechado la oportunidad para entrevistar a este grupo m\u00edtico. La semana que viene, ser\u00e1 Leyre\ud83c\udfa4, de La Oreja de Van Gogh quien pase por nuestra radio universitaria.&nbsp;<\/p>\n\n\n\n<p><strong>(19:58) MEMORIA DE LUZ S\u00d3LIDA EN EL&nbsp; RECTORADO&nbsp;<\/strong><\/p>\n\n\n\n<p class=\"has-text-align-justify\">\u201cMemoria de luz s\u00f3lida. Gram\u00e1ticas del lugar\u201d de Jes\u00fas Mar\u00edn se podr\u00e1 visitar hasta el 14 de mayo en la Sala de Exposiciones del Rectorado de la UMA\ud83d\uddbc\ufe0f.&nbsp; Acabamos nuestro informativo semanal con un cierre musical en el que mostramos una parte de ella.&nbsp;<\/p>\n\n\n\n<p class=\"has-text-align-justify\">Gracias por estar ah\u00ed, volveremos la pr\u00f3xima semana con m\u00e1s actualidad universitaria.<\/p>\n\n\n\n<figure class=\"wp-block-embed-youtube wp-block-embed is-type-video is-provider-youtube wp-embed-aspect-16-9 wp-has-aspect-ratio\"><div class=\"wp-block-embed__wrapper\">\n<iframe loading=\"lazy\" title=\"INFOCOMUTOPIA T10 PROGRAMA 5 (16\/04\/2021)\" width=\"1000\" height=\"563\" src=\"https:\/\/www.youtube.com\/embed\/vf-R4RoWAGc?feature=oembed\" frameborder=\"0\" allow=\"accelerometer; autoplay; clipboard-write; encrypted-media; gyroscope; picture-in-picture\" allowfullscreen><\/iframe>\n<\/div><\/figure>\n","protected":false},"excerpt":{"rendered":"<p>Bienvenidos y bienvenidas a InfoComutop\u00eda\ud83d\udcfa, el informativo semanal universitario que se realiza desde la Facultad de Ciencias de la Comunicaci\u00f3n de la Universidad de M\u00e1laga. Este es el resumen de las noticias m\u00e1s importantes de la semana: (00:56) NUEVA AYUDA PARA ESTUDIANTES CON HIJOS UMA \ud83d\udc68\u200d\ud83d\udc68\u200d\ud83d\udc67\u200d\ud83d\udc66 Con nuevas instalaciones y como no, medidas sanitarias, esta&#8230; <\/p>\n<div class=\"link-more\"><a href=\"http:\/\/comutopia.uma.es\/index.php\/2021\/04\/16\/infocomutopia-t10-programa-5-16-04-2021\/\">Leer M\u00e1s<\/a><\/div>\n","protected":false},"author":3,"featured_media":3499,"comment_status":"open","ping_status":"open","sticky":false,"template":"","format":"image","meta":{"spay_email":""},"categories":[466],"tags":[605,70,611,602,604,603,608,610,609,607,87,606,118],"jetpack_featured_media_url":"http:\/\/comutopia.uma.es\/wp-content\/uploads\/2021\/04\/wWordpress.jpg","_links":{"self":[{"href":"http:\/\/comutopia.uma.es\/index.php\/wp-json\/wp\/v2\/posts\/3498"}],"collection":[{"href":"http:\/\/comutopia.uma.es\/index.php\/wp-json\/wp\/v2\/posts"}],"about":[{"href":"http:\/\/comutopia.uma.es\/index.php\/wp-json\/wp\/v2\/types\/post"}],"author":[{"embeddable":true,"href":"http:\/\/comutopia.uma.es\/index.php\/wp-json\/wp\/v2\/users\/3"}],"replies":[{"embeddable":true,"href":"http:\/\/comutopia.uma.es\/index.php\/wp-json\/wp\/v2\/comments?post=3498"}],"version-history":[{"count":3,"href":"http:\/\/comutopia.uma.es\/index.php\/wp-json\/wp\/v2\/posts\/3498\/revisions"}],"predecessor-version":[{"id":3508,"href":"http:\/\/comutopia.uma.es\/index.php\/wp-json\/wp\/v2\/posts\/3498\/revisions\/3508"}],"wp:featuredmedia":[{"embeddable":true,"href":"http:\/\/comutopia.uma.es\/index.php\/wp-json\/wp\/v2\/media\/3499"}],"wp:attachment":[{"href":"http:\/\/comutopia.uma.es\/index.php\/wp-json\/wp\/v2\/media?parent=3498"}],"wp:term":[{"taxonomy":"category","embeddable":true,"href":"http:\/\/comutopia.uma.es\/index.php\/wp-json\/wp\/v2\/categories?post=3498"},{"taxonomy":"post_tag","embeddable":true,"href":"http:\/\/comutopia.uma.es\/index.php\/wp-json\/wp\/v2\/tags?post=3498"}],"curies":[{"name":"wp","href":"https:\/\/api.w.org\/{rel}","templated":true}]}}