{"id":3772,"date":"2021-11-19T15:00:32","date_gmt":"2021-11-19T14:00:32","guid":{"rendered":"http:\/\/comutopia.uma.es\/?p=3772"},"modified":"2021-11-23T14:51:42","modified_gmt":"2021-11-23T13:51:42","slug":"infocomutopia-t11-programa-3-19-11-2021","status":"publish","type":"post","link":"http:\/\/comutopia.uma.es\/index.php\/2021\/11\/19\/infocomutopia-t11-programa-3-19-11-2021\/","title":{"rendered":"Infocomutop\u00eda T11 Programa 3 (19\/11\/2021)"},"content":{"rendered":"\n<p><strong>Hoy en InfoComutop\u00eda:&nbsp;<\/strong><\/p>\n\n\n\n<p><strong>&nbsp;\ud83d\udfe2 (01:03) NACE LA PRIMERA ESCUELA SOCIAL DE FLAMENCO EN M\u00c1LAGA\ud83d\udc83\ud83c\udffb<\/strong><\/p>\n\n\n\n<p>La C\u00e1tedra de Flamencolog\u00eda de la UMA y el \u00c1rea de Fiestas del Ayuntamiento de M\u00e1laga crean la primera escuela social de flamenco que se implantar\u00e1 en Los Asperones y Palma- Palmilla. Vamos a conocer un poco m\u00e1s sobre esta iniciativa.<\/p>\n\n\n\n<p><strong>\ud83d\udfe2 (02:49) UMA RACING TEAM ARRANCA MOTORES PARA EL MOTOSTUDENT VII\ud83c\udfcd\ufe0f<\/strong><\/p>\n\n\n\n<p>El equipo de ingenier\u00eda de la Universidad de M\u00e1laga dedicado al dise\u00f1o y la fabricaci\u00f3n de motos de competici\u00f3n, UMA Racing Team, tiene previsto ampliar y renovar su plantilla para la s\u00e9ptima edici\u00f3n del torneo internacional MotoStudent.<\/p>\n\n\n\n<p><strong>\ud83d\udfe2 (04:52) FINALIZA EL CURSO SOBRE LA SALUD DEL SUELO P\u00c9LVICO DE LA UMA\ud83e\uddd1\u200d\u2695\ufe0f<\/strong><\/p>\n\n\n\n<p>El pasado fin de semana, en el complejo deportivo de la UMA, concluy\u00f3 el curso sobre la salud del suelo p\u00e9lvico. Esta actividad tiene como objetivo conocer este m\u00fasculo y saber como activarlo y tonificarlo<\/p>\n\n\n\n<p><strong>\ud83d\udfe2 (06:38) JORNADAS DE PROFESIONALIZACI\u00d3N DE COMUTOPIARTV \ud83c\udfa7<\/strong><\/p>\n\n\n\n<p>Comutop\u00eda RTV ha organizado las Jornadas de Profesionalizaci\u00f3n de Actividades Audiovisuales en el aula. En la sala de grados de la Facultad de Turismo se impartieron tres conferencias de la mano de profesionales del medio audiovisual con el objetivo de motivar al alumnado de cara al futuro laboral.<\/p>\n\n\n\n<p><strong>\ud83d\udfe2 (09:18) M\u00daSICA DE ORQUESTA, K-POP Y CIENTOS DE ESTRELLAS EN FANCINE\u2b50<\/strong><\/p>\n\n\n\n<p>La 31 edici\u00f3n del Festival de Cine Fant\u00e1stico de la UMA ha estado cargada de eventos. El pasado fin de semana comenzaba con un concierto de Bandas Sonoras, pero tambi\u00e9n pudimos disfrutar de un paseo bajo un manto de estrellas as\u00ed como de un campeonato de KPOP<\/p>\n\n\n\n<p><strong>\ud83d\udfe2 (11:59) \u201cLO QUE PUDO SER 2084\u201d SE ESTRENA EN FANCINE.\ud83c\udfa5<\/strong><\/p>\n\n\n\n<p>El largometraje \u201cLo que pudo ser 2084\u201d se ha estrenado en el Rectorado de la Universidad de M\u00e1laga como parte de la 31 edici\u00f3n de Fancine. Con una duraci\u00f3n de 141 minutos, la pel\u00edcula muestra un mundo ut\u00f3pico desarrollado en Marte.<\/p>\n\n\n\n<p><strong>\ud83d\udfe2 (14:10) LOS CORTOMETRAJES AU PAIR E IVY IRRUMPEN EN FANCINE \ud83c\udf9e\ufe0f<\/strong><\/p>\n\n\n\n<p>Fancine ha llenado de nuevas y sorprendentes obras nuestro Contenedor Cultural. Entre otros, hemos podido disfrutar de la proyecci\u00f3n de la comedia \u201cAu Pair\u201d, el nuevo corto de David Perez Sa\u00f1udo y Marina Par\u00e9s, adem\u00e1s del fanfilm \u201cIvy\u201d, dirigida por Francisco Campos, con m\u00fasica de Carmen Robles<\/p>\n\n\n\n<figure class=\"wp-block-embed is-type-video is-provider-youtube wp-block-embed-youtube wp-embed-aspect-16-9 wp-has-aspect-ratio\"><div class=\"wp-block-embed__wrapper\">\n<iframe loading=\"lazy\" title=\"INFOCOMUTOPIA T11 PROGRAMA 3 (19\/11\/2021)\" width=\"1000\" height=\"563\" src=\"https:\/\/www.youtube.com\/embed\/-Yd5dpd8Hok?feature=oembed\" frameborder=\"0\" allow=\"accelerometer; autoplay; clipboard-write; encrypted-media; gyroscope; picture-in-picture\" allowfullscreen><\/iframe>\n<\/div><\/figure>\n","protected":false},"excerpt":{"rendered":"<p>Hoy en InfoComutop\u00eda:&nbsp; &nbsp;\ud83d\udfe2 (01:03) NACE LA PRIMERA ESCUELA SOCIAL DE FLAMENCO EN M\u00c1LAGA\ud83d\udc83\ud83c\udffb La C\u00e1tedra de Flamencolog\u00eda de la UMA y el \u00c1rea de Fiestas del Ayuntamiento de M\u00e1laga crean la primera escuela social de flamenco que se implantar\u00e1 en Los Asperones y Palma- Palmilla. Vamos a conocer un poco m\u00e1s sobre esta iniciativa&#8230;. <\/p>\n<div class=\"link-more\"><a href=\"http:\/\/comutopia.uma.es\/index.php\/2021\/11\/19\/infocomutopia-t11-programa-3-19-11-2021\/\">Leer M\u00e1s<\/a><\/div>\n","protected":false},"author":3,"featured_media":3774,"comment_status":"open","ping_status":"open","sticky":false,"template":"","format":"image","meta":{"spay_email":""},"categories":[758],"tags":[58,62,765,115,65,70,253,120,116,83,782,649,294,792,650,764,86,774,95,768,118,98],"jetpack_featured_media_url":"http:\/\/comutopia.uma.es\/wp-content\/uploads\/2021\/11\/WORDPRESS-6.jpg","_links":{"self":[{"href":"http:\/\/comutopia.uma.es\/index.php\/wp-json\/wp\/v2\/posts\/3772"}],"collection":[{"href":"http:\/\/comutopia.uma.es\/index.php\/wp-json\/wp\/v2\/posts"}],"about":[{"href":"http:\/\/comutopia.uma.es\/index.php\/wp-json\/wp\/v2\/types\/post"}],"author":[{"embeddable":true,"href":"http:\/\/comutopia.uma.es\/index.php\/wp-json\/wp\/v2\/users\/3"}],"replies":[{"embeddable":true,"href":"http:\/\/comutopia.uma.es\/index.php\/wp-json\/wp\/v2\/comments?post=3772"}],"version-history":[{"count":3,"href":"http:\/\/comutopia.uma.es\/index.php\/wp-json\/wp\/v2\/posts\/3772\/revisions"}],"predecessor-version":[{"id":3776,"href":"http:\/\/comutopia.uma.es\/index.php\/wp-json\/wp\/v2\/posts\/3772\/revisions\/3776"}],"wp:featuredmedia":[{"embeddable":true,"href":"http:\/\/comutopia.uma.es\/index.php\/wp-json\/wp\/v2\/media\/3774"}],"wp:attachment":[{"href":"http:\/\/comutopia.uma.es\/index.php\/wp-json\/wp\/v2\/media?parent=3772"}],"wp:term":[{"taxonomy":"category","embeddable":true,"href":"http:\/\/comutopia.uma.es\/index.php\/wp-json\/wp\/v2\/categories?post=3772"},{"taxonomy":"post_tag","embeddable":true,"href":"http:\/\/comutopia.uma.es\/index.php\/wp-json\/wp\/v2\/tags?post=3772"}],"curies":[{"name":"wp","href":"https:\/\/api.w.org\/{rel}","templated":true}]}}