{"id":4197,"date":"2022-11-03T14:56:21","date_gmt":"2022-11-03T13:56:21","guid":{"rendered":"http:\/\/comutopia.uma.es\/?p=4197"},"modified":"2022-11-10T13:18:23","modified_gmt":"2022-11-10T12:18:23","slug":"umabarbaridad-t13-programa-1-03-11-2022","status":"publish","type":"post","link":"http:\/\/comutopia.uma.es\/index.php\/2022\/11\/03\/umabarbaridad-t13-programa-1-03-11-2022\/","title":{"rendered":"UMABARBARIDAD T13 Programa 1 (03\/11\/2022)"},"content":{"rendered":"\n<iframe id='audio_95399665' frameborder='0' allowfullscreen='' scrolling='no' height='200' style='width:100%;' src='https:\/\/www.ivoox.com\/player_ej_95399665_6_1.html' loading='lazy'><\/iframe>\n\n\n\n<p>Bienvenidos todos y todas al primer programa de la Temporada 13 de UMABarbaridad Radio!! Un espacio presentado por Paloma L\u00f3pez, junto a su nuevo co-presentador, Julen Palomares.\ud83c\udf99<\/p>\n\n\n\n<p>(02:34) Es el primer programa y para abrir el apetito presentamos la 32 edici\u00f3n de Fancine, acompa\u00f1ados por Paco S\u00e1nchez, a quien entrevistamos y que nos contar\u00e1 todo lo que nos puede ofrecer el festival, que se inaugura el pr\u00f3ximo d\u00eda 9&nbsp; en una edici\u00f3n cargada de proyecciones y sorpresas. \ud83c\udfa5\ud83c\udfa5<\/p>\n\n\n\n<p>(14:50) Como primer reportaje del programa y de la temporada nos hemos desplazado al Contenedor Cultural para presenciar \u201cMujer con alas\u201d, un espect\u00e1culo familiar con un toque de humor y una mirada feminista&nbsp; al que nuestro compa\u00f1ero Pablo Le Saos tuvo el placer de asistir. \u2728<\/p>\n\n\n\n<p>(22:00)La encuesta de hoy va muy relacionada con la entrevista anterior, y es que hemos querido preguntar a los alumnos de la propia universidad sus gustos por el cine y si conocen o est\u00e1n familiarizados con Fancine.\ud83d\udcfb<\/p>\n\n\n\n<p>(25:25) Marta V\u00e9lez tuvo la oportunidad de asistir al SUMA, el festival de Sonidos Ut\u00f3picos de M\u00fasica Avanzada, que tuvo lugar tambi\u00e9n en el Contenedor Cultural, con la presencia de grupos como Dominicana, Dark Ghost u Orthodox. \ud83c\udfa4\ud83c\udfb6<\/p>\n\n\n\n<p>(17:50) Y para finalizar, la agenda de esta semana, que est\u00e1 plagada de actividades para todos los gustos, si con Fancine no es suficiente, quien quiera podr\u00e1 asistir a talleres, exposiciones como \u201cAhora el ritmo est\u00e1 bien\u201d o \u201cOzangu\u00e9\u201d, entrevistas en directo y mucho m\u00e1s\u2026\ud83e\udd29\ud83e\udd29<\/p>\n\n\n\n<p>\u00a1Dale al play!<\/p>\n\n\n\n<p>\u00a1Esc\u00fachanos en Spotify y en Canal M\u00e1laga Radio! \u25b6\ufe0f<\/p>\n","protected":false},"excerpt":{"rendered":"<p>Bienvenidos todos y todas al primer programa de la Temporada 13 de UMABarbaridad Radio!! Un espacio presentado por Paloma L\u00f3pez, junto a su nuevo co-presentador, Julen Palomares.\ud83c\udf99 (02:34) Es el primer programa y para abrir el apetito presentamos la 32 edici\u00f3n de Fancine, acompa\u00f1ados por Paco S\u00e1nchez, a quien entrevistamos y que nos contar\u00e1 todo&#8230; <\/p>\n<div class=\"link-more\"><a href=\"http:\/\/comutopia.uma.es\/index.php\/2022\/11\/03\/umabarbaridad-t13-programa-1-03-11-2022\/\">Leer M\u00e1s<\/a><\/div>\n","protected":false},"author":3,"featured_media":4198,"comment_status":"open","ping_status":"open","sticky":false,"template":"","format":"standard","meta":{"spay_email":""},"categories":[1361],"tags":[],"jetpack_featured_media_url":"http:\/\/comutopia.uma.es\/wp-content\/uploads\/2022\/11\/WORDPRESS-1.jpg","_links":{"self":[{"href":"http:\/\/comutopia.uma.es\/index.php\/wp-json\/wp\/v2\/posts\/4197"}],"collection":[{"href":"http:\/\/comutopia.uma.es\/index.php\/wp-json\/wp\/v2\/posts"}],"about":[{"href":"http:\/\/comutopia.uma.es\/index.php\/wp-json\/wp\/v2\/types\/post"}],"author":[{"embeddable":true,"href":"http:\/\/comutopia.uma.es\/index.php\/wp-json\/wp\/v2\/users\/3"}],"replies":[{"embeddable":true,"href":"http:\/\/comutopia.uma.es\/index.php\/wp-json\/wp\/v2\/comments?post=4197"}],"version-history":[{"count":1,"href":"http:\/\/comutopia.uma.es\/index.php\/wp-json\/wp\/v2\/posts\/4197\/revisions"}],"predecessor-version":[{"id":4199,"href":"http:\/\/comutopia.uma.es\/index.php\/wp-json\/wp\/v2\/posts\/4197\/revisions\/4199"}],"wp:featuredmedia":[{"embeddable":true,"href":"http:\/\/comutopia.uma.es\/index.php\/wp-json\/wp\/v2\/media\/4198"}],"wp:attachment":[{"href":"http:\/\/comutopia.uma.es\/index.php\/wp-json\/wp\/v2\/media?parent=4197"}],"wp:term":[{"taxonomy":"category","embeddable":true,"href":"http:\/\/comutopia.uma.es\/index.php\/wp-json\/wp\/v2\/categories?post=4197"},{"taxonomy":"post_tag","embeddable":true,"href":"http:\/\/comutopia.uma.es\/index.php\/wp-json\/wp\/v2\/tags?post=4197"}],"curies":[{"name":"wp","href":"https:\/\/api.w.org\/{rel}","templated":true}]}}