{"id":4264,"date":"2022-11-30T14:49:15","date_gmt":"2022-11-30T13:49:15","guid":{"rendered":"http:\/\/comutopia.uma.es\/?p=4264"},"modified":"2022-12-14T14:38:26","modified_gmt":"2022-12-14T13:38:26","slug":"radionaumas-t13-programa-6-30-11-2022","status":"publish","type":"post","link":"http:\/\/comutopia.uma.es\/index.php\/2022\/11\/30\/radionaumas-t13-programa-6-30-11-2022\/","title":{"rendered":"RadionaUMAs T13 Programa 6 (30\/11\/2022)"},"content":{"rendered":"\n<iframe id='audio_97265415' frameborder='0' allowfullscreen='' scrolling='no' height='200' style='width:100%;' src='https:\/\/www.ivoox.com\/player_ej_97265415_6_1.html' loading='lazy'><\/iframe>\n\n\n\n<p>\u00a1Bienvenidos al sexto programa de la temporada 13 de RadionaUMAs!<\/p>\n\n\n\n<p>\ud83d\udca0 (1:44) Empezamos con el micro-informativo, en el que hablaremos de la entrega de premios \u201cTerra M\u00e1laga\u201d \ud83c\udfc6\ud83d\udc68\u200d\ud83c\udfeb, del convenio entre la UMA e IKEA \ud83d\udce6 y de la campa\u00f1a solidaria de Navidad del equipo de f\u00fatbol UMA Antequera \u26bd\ud83c\udf84.<\/p>\n\n\n\n<p>\ud83d\udca0 (8:11) Despu\u00e9s, en \u00bfQu\u00e9 se cuece en la UMA? Entrevistamos a Iv\u00e1n L\u00f3pez, Coordinador del nuevo Grado en CC. de la Actividad F\u00edsica y del Deporte, y que viene a darnos m\u00e1s detalles sobre esta carrera.\ud83c\udfc0\ud83c\udfd0\ud83c\udfc3\u200d\u2642\ufe0f\ud83e\udd4b<\/p>\n\n\n\n<p>\ud83d\udca0 (17:05) En WTF, escucharemos vuestros audios contando vuestros sue\u00f1os \u00a1son muy raros! \ud83d\ude34\ud83e\udd23<\/p>\n\n\n\n<p>\ud83d\udca0 (25:18) Y por \u00faltimo en La Gramola, un invitado muy especial, nuestro Membri, que&nbsp; viene a cantar un tema in\u00e9dito \ud83c\udfb6\ud83c\udfa4<\/p>\n\n\n\n<p>\u00a1Dale al play!<\/p>\n","protected":false},"excerpt":{"rendered":"<p>\u00a1Bienvenidos al sexto programa de la temporada 13 de RadionaUMAs! \ud83d\udca0 (1:44) Empezamos con el micro-informativo, en el que hablaremos de la entrega de premios \u201cTerra M\u00e1laga\u201d \ud83c\udfc6\ud83d\udc68\u200d\ud83c\udfeb, del convenio entre la UMA e IKEA \ud83d\udce6 y de la campa\u00f1a solidaria de Navidad del equipo de f\u00fatbol UMA Antequera \u26bd\ud83c\udf84. \ud83d\udca0 (8:11) Despu\u00e9s, en \u00bfQu\u00e9&#8230; <\/p>\n<div class=\"link-more\"><a href=\"http:\/\/comutopia.uma.es\/index.php\/2022\/11\/30\/radionaumas-t13-programa-6-30-11-2022\/\">Leer M\u00e1s<\/a><\/div>\n","protected":false},"author":3,"featured_media":4265,"comment_status":"open","ping_status":"open","sticky":false,"template":"","format":"standard","meta":{"spay_email":""},"categories":[1360],"tags":[],"jetpack_featured_media_url":"http:\/\/comutopia.uma.es\/wp-content\/uploads\/2022\/11\/WORDPRESS13.jpg","_links":{"self":[{"href":"http:\/\/comutopia.uma.es\/index.php\/wp-json\/wp\/v2\/posts\/4264"}],"collection":[{"href":"http:\/\/comutopia.uma.es\/index.php\/wp-json\/wp\/v2\/posts"}],"about":[{"href":"http:\/\/comutopia.uma.es\/index.php\/wp-json\/wp\/v2\/types\/post"}],"author":[{"embeddable":true,"href":"http:\/\/comutopia.uma.es\/index.php\/wp-json\/wp\/v2\/users\/3"}],"replies":[{"embeddable":true,"href":"http:\/\/comutopia.uma.es\/index.php\/wp-json\/wp\/v2\/comments?post=4264"}],"version-history":[{"count":1,"href":"http:\/\/comutopia.uma.es\/index.php\/wp-json\/wp\/v2\/posts\/4264\/revisions"}],"predecessor-version":[{"id":4266,"href":"http:\/\/comutopia.uma.es\/index.php\/wp-json\/wp\/v2\/posts\/4264\/revisions\/4266"}],"wp:featuredmedia":[{"embeddable":true,"href":"http:\/\/comutopia.uma.es\/index.php\/wp-json\/wp\/v2\/media\/4265"}],"wp:attachment":[{"href":"http:\/\/comutopia.uma.es\/index.php\/wp-json\/wp\/v2\/media?parent=4264"}],"wp:term":[{"taxonomy":"category","embeddable":true,"href":"http:\/\/comutopia.uma.es\/index.php\/wp-json\/wp\/v2\/categories?post=4264"},{"taxonomy":"post_tag","embeddable":true,"href":"http:\/\/comutopia.uma.es\/index.php\/wp-json\/wp\/v2\/tags?post=4264"}],"curies":[{"name":"wp","href":"https:\/\/api.w.org\/{rel}","templated":true}]}}