{"id":4585,"date":"2023-05-04T16:48:24","date_gmt":"2023-05-04T14:48:24","guid":{"rendered":"http:\/\/comutopia.uma.es\/?p=4585"},"modified":"2023-05-04T16:48:24","modified_gmt":"2023-05-04T14:48:24","slug":"voces-de-la-intervencion-social-t14-programa-4-4-05-2023","status":"publish","type":"post","link":"http:\/\/comutopia.uma.es\/index.php\/2023\/05\/04\/voces-de-la-intervencion-social-t14-programa-4-4-05-2023\/","title":{"rendered":"Voces de la Intervenci\u00f3n Social T14 Programa 4  (4\/05\/2023)"},"content":{"rendered":"\n<iframe title=\"Spotify Embed: VOCES DE LA INTERVENCI\u00d3N SOCIAL Temporada 14 Programa 4 (4\/05\/2023)\" style=\"border-radius: 12px\" width=\"100%\" height=\"152\" frameborder=\"0\" allowfullscreen allow=\"autoplay; clipboard-write; encrypted-media; fullscreen; picture-in-picture\" loading=\"lazy\" src=\"https:\/\/open.spotify.com\/embed\/episode\/5cJR3VvyHG9dgkxV9Z6WC6?si=UOhrqCXzRLWtLQn5nwbFBw&#038;utm_source=oembed\"><\/iframe>\n\n\n\n<p>(1:40) Hoy en Voces de la Intervenci\u00f3n Social el profesor&nbsp; de la Facultad de Estudios Sociales y del Trabajo Carlos Gallego Fontalba entrevista a Ver\u00f3nica S\u00e1nchez Montero Educadora Social y Coordinadora del Equipo de Apoyo a la Intervenci\u00f3n Social de los Asperones vinculado a los Servicios Sociales Comunitarios del Puerto de la Torre del Ayuntamiento de M\u00e1laga.&nbsp;&nbsp;<\/p>\n\n\n\n<p>(2:00) Hablamos sobre el trabajo desarrollado en el Proyecto Asperones, un barrio en el que residen alrededor de 400 familias que a pesar de que se origin\u00f3 con car\u00e1cter transitorio se conoce como un asentamiento chabolista de etnia gitana.&nbsp;<\/p>\n\n\n\n<p>(3:19) El equipo realiza su labor en el Centro Social de los Asperones, y est\u00e1 formado por 6 profesionales de la educaci\u00f3n y la intervenci\u00f3n social que se caracteriza por creer en el potencial de las personas del barrio y del poder que tiene la educaci\u00f3n y la creaci\u00f3n de referentes positivos para promover el cambio de actitudes en este colectivo.&nbsp;<\/p>\n\n\n\n<p>(7:00) Se dota de herramientas y capacidades para posibilitar el cambio en sus vidas a trav\u00e9s de una programaci\u00f3n flexible, siendo una oportunidad formativa desde y para la prevenci\u00f3n enmarcada en talleres semanales como: \u201cOtra oportunidad: Graduado en Educaci\u00f3n Secundaria Obligatoria de Adultos\u201d, \u201cEscuela de Familia\u201d, \u201cTaller de Apoyo escolar\u201d&nbsp; o \u201cNuestras mayores\u201d. Tambi\u00e9n existen servicios como \u201cAsperones Info\u201d de atenci\u00f3n a la demanda que entre otras cosas pretende paliar la brecha digital entre la poblaci\u00f3n y difusi\u00f3n de cursos de formaci\u00f3n para el empleo, y recursos como el de atenci\u00f3n psicol\u00f3gica.<\/p>\n\n\n\n<p>Para saber m\u00e1s \u00a1Dale al play!\u00a0\u25b6\ufe0f<\/p>\n","protected":false},"excerpt":{"rendered":"<p>(1:40) Hoy en Voces de la Intervenci\u00f3n Social el profesor&nbsp; de la Facultad de Estudios Sociales y del Trabajo Carlos Gallego Fontalba entrevista a Ver\u00f3nica S\u00e1nchez Montero Educadora Social y Coordinadora del Equipo de Apoyo a la Intervenci\u00f3n Social de los Asperones vinculado a los Servicios Sociales Comunitarios del Puerto de la Torre del Ayuntamiento&#8230; <\/p>\n<div class=\"link-more\"><a href=\"http:\/\/comutopia.uma.es\/index.php\/2023\/05\/04\/voces-de-la-intervencion-social-t14-programa-4-4-05-2023\/\">Leer M\u00e1s<\/a><\/div>\n","protected":false},"author":3,"featured_media":4586,"comment_status":"open","ping_status":"open","sticky":false,"template":"","format":"standard","meta":{"spay_email":""},"categories":[1428],"tags":[58,1572,1567,1569,1152,62,1557,1560,65,70,1469,365,1564,253,653,1430,83,1566,1563,1558,1561,1556,1571,86,1568,1570,1565,1562,118,98],"jetpack_featured_media_url":"http:\/\/comutopia.uma.es\/wp-content\/uploads\/2023\/05\/13705e34-1fb8-4a4d-8eb6-95fba61c4fe0.jpg","_links":{"self":[{"href":"http:\/\/comutopia.uma.es\/index.php\/wp-json\/wp\/v2\/posts\/4585"}],"collection":[{"href":"http:\/\/comutopia.uma.es\/index.php\/wp-json\/wp\/v2\/posts"}],"about":[{"href":"http:\/\/comutopia.uma.es\/index.php\/wp-json\/wp\/v2\/types\/post"}],"author":[{"embeddable":true,"href":"http:\/\/comutopia.uma.es\/index.php\/wp-json\/wp\/v2\/users\/3"}],"replies":[{"embeddable":true,"href":"http:\/\/comutopia.uma.es\/index.php\/wp-json\/wp\/v2\/comments?post=4585"}],"version-history":[{"count":1,"href":"http:\/\/comutopia.uma.es\/index.php\/wp-json\/wp\/v2\/posts\/4585\/revisions"}],"predecessor-version":[{"id":4587,"href":"http:\/\/comutopia.uma.es\/index.php\/wp-json\/wp\/v2\/posts\/4585\/revisions\/4587"}],"wp:featuredmedia":[{"embeddable":true,"href":"http:\/\/comutopia.uma.es\/index.php\/wp-json\/wp\/v2\/media\/4586"}],"wp:attachment":[{"href":"http:\/\/comutopia.uma.es\/index.php\/wp-json\/wp\/v2\/media?parent=4585"}],"wp:term":[{"taxonomy":"category","embeddable":true,"href":"http:\/\/comutopia.uma.es\/index.php\/wp-json\/wp\/v2\/categories?post=4585"},{"taxonomy":"post_tag","embeddable":true,"href":"http:\/\/comutopia.uma.es\/index.php\/wp-json\/wp\/v2\/tags?post=4585"}],"curies":[{"name":"wp","href":"https:\/\/api.w.org\/{rel}","templated":true}]}}