{"id":4787,"date":"2023-11-08T15:09:01","date_gmt":"2023-11-08T14:09:01","guid":{"rendered":"http:\/\/comutopia.uma.es\/?p=4787"},"modified":"2023-11-10T11:31:20","modified_gmt":"2023-11-10T10:31:20","slug":"radionaumas-t15-programa-2-08-11-2023","status":"publish","type":"post","link":"http:\/\/comutopia.uma.es\/index.php\/2023\/11\/08\/radionaumas-t15-programa-2-08-11-2023\/","title":{"rendered":"RADIONAUMAS T15 Programa 2 (08\/11\/2023)"},"content":{"rendered":"\n<iframe style=\"border-radius:12px\" src=\"https:\/\/open.spotify.com\/embed\/episode\/78RkM9KDdGBkLnFKPw94JK?utm_source=generator\" width=\"100%\" height=\"352\" frameborder=\"0\" allowfullscreen=\"\" allow=\"autoplay; clipboard-write; encrypted-media; fullscreen; picture-in-picture\" loading=\"lazy\"><\/iframe>\n\n\n\n<p>(00:13) \u00a1Buenos d\u00edas, buenas tardes y buenas noches!&nbsp;<\/p>\n\n\n\n<p>Comutoperos, este es nuestro segundo programa de la temporada 15 y va a ser especial. Os recordamos que RadionaUMAs se emite a trav\u00e9s de Spotify y Canal M\u00e1laga Radio. No hay excusa para no escucharnos porque pod\u00e9is acceder a nuestro podcast a cualquier hora y en cualquier lugar.&nbsp;<\/p>\n\n\n\n<p>Vamos al grano.&nbsp;<\/p>\n\n\n\n<p>(02:17) Nuestro Fancine se extiende hasta el&nbsp; 16 de noviembre y era imprescindible que el eje central de este RadionaUMAs girase en torno a \u00e9l. Por eso nuestro <strong>micro-informativo <\/strong>comienza&nbsp; con dos noticias fundamentales: las pel\u00edculas que se presentan al concurso de esta edici\u00f3n de Fancine y el amplio abanico de actividades que se desarrollar\u00e1n estos d\u00edas dentro del festival. Por supuesto, no puede faltar el deporte. Mar\u00eda nos explica hoy el programa de actividades deportivas de la universidad.&nbsp;<\/p>\n\n\n\n<p>(08:39) En \u201c<strong>\u00bfQu\u00e9 se cuece en la UMA?<\/strong>\u201d estar\u00e1&nbsp; con nosotros un invitado clave en este festival de cine de la Universidad de M\u00e1laga: Paco S\u00e1nchez Programador de Fancine. Nadie mejor para sumergirnos en la magia de este proyecto y contarnos las novedades de esta trig\u00e9simo tercera edici\u00f3n.&nbsp;<\/p>\n\n\n\n<p>(20:11) Despu\u00e9s seguiremos con <strong>WTF!<\/strong>, la secci\u00f3n de humor en la que todo es posible e imprevisible. Espero que In\u00e9s y Joselu no me den m\u00e1s disgustos de la cuenta\u2026<\/p>\n\n\n\n<p>(24:45) Y en <strong>No te pierdas<\/strong>, os contaremos los mejores planes en el campus para esta semana\u2026no todo van a ser ex\u00e1menes.&nbsp;<\/p>\n\n\n\n<p>(28:22) Cerraremos con nuestra amada secci\u00f3n musical, <strong>La Gramola<\/strong>. Hoy con una bater\u00eda de canciones que nos llevar\u00e1 a otra galaxia. \u00a1Comenzamos!<\/p>\n\n\n\n<p><\/p>\n\n\n\n<p><\/p>\n","protected":false},"excerpt":{"rendered":"<p>(00:13) \u00a1Buenos d\u00edas, buenas tardes y buenas noches!&nbsp; Comutoperos, este es nuestro segundo programa de la temporada 15 y va a ser especial. Os recordamos que RadionaUMAs se emite a trav\u00e9s de Spotify y Canal M\u00e1laga Radio. No hay excusa para no escucharnos porque pod\u00e9is acceder a nuestro podcast a cualquier hora y en cualquier&#8230; <\/p>\n<div class=\"link-more\"><a href=\"http:\/\/comutopia.uma.es\/index.php\/2023\/11\/08\/radionaumas-t15-programa-2-08-11-2023\/\">Leer M\u00e1s<\/a><\/div>\n","protected":false},"author":3,"featured_media":4788,"comment_status":"open","ping_status":"open","sticky":false,"template":"","format":"standard","meta":{"spay_email":""},"categories":[1669],"tags":[1698,1683,1696,1697,1695,1694,1693],"jetpack_featured_media_url":"http:\/\/comutopia.uma.es\/wp-content\/uploads\/2023\/11\/POST-horizontal-RADIONAUMAS_.jpg","_links":{"self":[{"href":"http:\/\/comutopia.uma.es\/index.php\/wp-json\/wp\/v2\/posts\/4787"}],"collection":[{"href":"http:\/\/comutopia.uma.es\/index.php\/wp-json\/wp\/v2\/posts"}],"about":[{"href":"http:\/\/comutopia.uma.es\/index.php\/wp-json\/wp\/v2\/types\/post"}],"author":[{"embeddable":true,"href":"http:\/\/comutopia.uma.es\/index.php\/wp-json\/wp\/v2\/users\/3"}],"replies":[{"embeddable":true,"href":"http:\/\/comutopia.uma.es\/index.php\/wp-json\/wp\/v2\/comments?post=4787"}],"version-history":[{"count":3,"href":"http:\/\/comutopia.uma.es\/index.php\/wp-json\/wp\/v2\/posts\/4787\/revisions"}],"predecessor-version":[{"id":4791,"href":"http:\/\/comutopia.uma.es\/index.php\/wp-json\/wp\/v2\/posts\/4787\/revisions\/4791"}],"wp:featuredmedia":[{"embeddable":true,"href":"http:\/\/comutopia.uma.es\/index.php\/wp-json\/wp\/v2\/media\/4788"}],"wp:attachment":[{"href":"http:\/\/comutopia.uma.es\/index.php\/wp-json\/wp\/v2\/media?parent=4787"}],"wp:term":[{"taxonomy":"category","embeddable":true,"href":"http:\/\/comutopia.uma.es\/index.php\/wp-json\/wp\/v2\/categories?post=4787"},{"taxonomy":"post_tag","embeddable":true,"href":"http:\/\/comutopia.uma.es\/index.php\/wp-json\/wp\/v2\/tags?post=4787"}],"curies":[{"name":"wp","href":"https:\/\/api.w.org\/{rel}","templated":true}]}}