{"id":795,"date":"2017-04-27T14:35:01","date_gmt":"2017-04-27T14:35:01","guid":{"rendered":"https:\/\/comutopiartv.wordpress.com\/?p=795"},"modified":"2017-04-27T14:35:01","modified_gmt":"2017-04-27T14:35:01","slug":"respondeme-programa-5-27042017","status":"publish","type":"post","link":"http:\/\/comutopia.uma.es\/index.php\/2017\/04\/27\/respondeme-programa-5-27042017\/","title":{"rendered":"\u00a1Resp\u00f3ndeme! | Programa 5 (27\/04\/2017)"},"content":{"rendered":"<p><span style=\"color:#000000;\">\u00a1Esta semana el alumnado pregunta sobre Galer\u00eda Central!\u00a0 \u00bfQuieres saber c\u00f3mo exponer? \u00bfTienes dudas sobre el tipo de obras? \u00bfCon qui\u00e9n hay que hablar?<\/span><\/p>\n<p><span style=\"color:#000000;\">En \u00a1Resp\u00f3ndeme! te informamos sobre todo lo que necesitas saber sobre Galer\u00eda Central de la mano de Ana Sede\u00f1o, coordinadora del espacio.<\/span><\/p>\n<p>[youtube https:\/\/www.youtube.com\/watch?v=ojlBwNU8H-0?rel=0&amp;w=1280&amp;h=720]<\/p>\n","protected":false},"excerpt":{"rendered":"<p>\u00a1Esta semana el alumnado pregunta sobre Galer\u00eda Central!\u00a0 \u00bfQuieres saber c\u00f3mo exponer? \u00bfTienes dudas sobre el tipo de obras? \u00bfCon qui\u00e9n hay que hablar? En \u00a1Resp\u00f3ndeme! te informamos sobre todo lo que necesitas saber sobre Galer\u00eda Central de la mano de Ana Sede\u00f1o, coordinadora del espacio. [youtube https:\/\/www.youtube.com\/watch?v=ojlBwNU8H-0?rel=0&amp;w=1280&amp;h=720]<\/p>\n","protected":false},"author":1,"featured_media":0,"comment_status":"open","ping_status":"open","sticky":false,"template":"","format":"aside","meta":{"spay_email":""},"categories":[2],"tags":[],"jetpack_featured_media_url":"","_links":{"self":[{"href":"http:\/\/comutopia.uma.es\/index.php\/wp-json\/wp\/v2\/posts\/795"}],"collection":[{"href":"http:\/\/comutopia.uma.es\/index.php\/wp-json\/wp\/v2\/posts"}],"about":[{"href":"http:\/\/comutopia.uma.es\/index.php\/wp-json\/wp\/v2\/types\/post"}],"author":[{"embeddable":true,"href":"http:\/\/comutopia.uma.es\/index.php\/wp-json\/wp\/v2\/users\/1"}],"replies":[{"embeddable":true,"href":"http:\/\/comutopia.uma.es\/index.php\/wp-json\/wp\/v2\/comments?post=795"}],"version-history":[{"count":0,"href":"http:\/\/comutopia.uma.es\/index.php\/wp-json\/wp\/v2\/posts\/795\/revisions"}],"wp:attachment":[{"href":"http:\/\/comutopia.uma.es\/index.php\/wp-json\/wp\/v2\/media?parent=795"}],"wp:term":[{"taxonomy":"category","embeddable":true,"href":"http:\/\/comutopia.uma.es\/index.php\/wp-json\/wp\/v2\/categories?post=795"},{"taxonomy":"post_tag","embeddable":true,"href":"http:\/\/comutopia.uma.es\/index.php\/wp-json\/wp\/v2\/tags?post=795"}],"curies":[{"name":"wp","href":"https:\/\/api.w.org\/{rel}","templated":true}]}}